{"id":893,"date":"2019-04-05T10:00:17","date_gmt":"2019-04-05T08:00:17","guid":{"rendered":"https:\/\/sport-total.com\/schwimmen\/?p=893"},"modified":"2019-05-19T13:49:27","modified_gmt":"2019-05-19T11:49:27","slug":"sommercamp-august-19","status":"publish","type":"post","link":"https:\/\/sport-total.com\/schwimmen\/sommercamp-august-19\/","title":{"rendered":"SOMMERCAMP 05.08. \u2013 08.08.19"},"content":{"rendered":"<p>[vc_row][vc_column css=&#8220;.vc_custom_1550149725813{background-color: #2e3192 !important;}&#8220;][vc_column_text]<\/p>\n<p style=\"text-align: center;\"><span style=\"color: #ffffff;\">Wir zelten auf dem wundersch\u00f6nen Camping-platz in Kirkel. Burgfr\u00e4ulein und Ritter k\u00f6nnen sich t\u00e4glich im Naturfreibad tummeln, wir gehen zu den Kirkeler Kletterfelsen und zur Burg, erkunden den Wald, bauen vielleicht eine Waldh\u00fctte. Stockbrot, Hexenfeuer, Kerzenschein und Sternez\u00e4hlen, Eis essen gehen in der besten Eisdiele im ganzen Saar-Pfalz-Kreis, Radtour, Schnitzeljagd, Basteln, Filzen&#8230;..unser Ideenfundus ist unendlich!<\/span><\/p>\n<p>[\/vc_column_text][vc_row_inner][vc_column_inner width=&#8220;2\/3&#8243;][vc_column_text]<\/p>\n<p style=\"text-align: center;\"><span style=\"color: #ffffff;\">Wer: Kinder zwischen 6 und 14 Jahren, die derzeit Kurs- oder Trainingsteilnehmer sind (und Freunde derer)<\/span><\/p>\n<p style=\"text-align: center;\"><span style=\"color: #ffffff;\">Voraussetzung: Seepferdchen<\/span><\/p>\n<p style=\"text-align: center;\"><span style=\"color: #ffffff;\">ACHTUNG: TEILNEHMERZAHL BEGRENZT!!!!!!!!!!!!<\/span><\/p>\n<p style=\"text-align: center;\"><span style=\"color: #ffffff;\">Wann: Montag, 05.08.19, 09.30 Uhr bis Donnerstag, 08.08.18, 17.00 Uhr<\/span><\/p>\n<p style=\"text-align: center;\"><span style=\"color: #ffffff;\">Wo: Campingplatz Kirkel<\/span><\/p>\n<p style=\"text-align: center;\"><span style=\"color: #ffffff;\">Kosten: 150\u20ac, Geschwisterkind: 130\u20ac, incl. Ferien-T-Shirt,<\/span><\/p>\n<p style=\"text-align: center;\"><span style=\"color: #ffffff;\">Betreuer: SPORT TOTAL Team<\/span><\/p>\n<p style=\"text-align: center;\"><span style=\"color: #ffffff;\">Info: 06849\/91481, info@sport-total.com<\/span><br \/>\n<span style=\"color: #ffffff;\">Meldeschluss: 11.06.19 bzw bei Erreichen max. Teilnehemrzahl<\/span><\/p>\n<p style=\"text-align: center;\"><span style=\"color: #ffffff;\">Nach eingereichter Anmeldung und Meldeschlu\u00df bekommt Ihr weitere Infos per Mail\/Post.<\/span><\/p>\n<p style=\"text-align: center;\"><span style=\"color: #ffffff;\">Bitte unbedingt Konto beachten:<\/span><br \/>\n<span style=\"color: #ffffff;\">SPORT TOTAL FREIZEIT DE 53 5945 0010 1030 1236 55<\/span><\/p>\n<p>[\/vc_column_text][\/vc_column_inner][vc_column_inner width=&#8220;1\/3&#8243;][vc_single_image image=&#8220;897&#8243; img_size=&#8220;large&#8220;][\/vc_column_inner][\/vc_row_inner][\/vc_column][\/vc_row][vc_row css=&#8220;.vc_custom_1554331104574{margin-top: 3% !important;}&#8220;][vc_column]\n<div class=\"wpcf7 no-js\" id=\"wpcf7-f830-o1\" lang=\"de-DE\" dir=\"ltr\">\n<div class=\"screen-reader-response\"><p role=\"status\" aria-live=\"polite\" aria-atomic=\"true\"><\/p> <ul><\/ul><\/div>\n<form action=\"\/schwimmen\/wp-json\/wp\/v2\/posts\/893#wpcf7-f830-o1\" method=\"post\" class=\"wpcf7-form init wpcf7-acceptance-as-validation\" aria-label=\"Kontaktformular\" novalidate=\"novalidate\" data-status=\"init\">\n<div style=\"display: none;\">\n<input type=\"hidden\" name=\"_wpcf7\" value=\"830\" \/>\n<input type=\"hidden\" name=\"_wpcf7_version\" value=\"5.8.5\" \/>\n<input type=\"hidden\" name=\"_wpcf7_locale\" value=\"de_DE\" \/>\n<input type=\"hidden\" name=\"_wpcf7_unit_tag\" value=\"wpcf7-f830-o1\" \/>\n<input type=\"hidden\" name=\"_wpcf7_container_post\" value=\"0\" \/>\n<input type=\"hidden\" name=\"_wpcf7_posted_data_hash\" value=\"\" \/>\n<\/div>\n<div class=\"vc_row\">\n\t<div class=\"col-md-6\">\n\t\t<p><label> Name, Vorname des Teilnehmers*<br \/>\n<span class=\"wpcf7-form-control-wrap\" data-name=\"teilnehmer\"><input size=\"40\" class=\"wpcf7-form-control wpcf7-text wpcf7-validates-as-required\" aria-required=\"true\" aria-invalid=\"false\" value=\"\" type=\"text\" name=\"teilnehmer\" \/><\/span> <\/label>\n\t\t<\/p>\n\t<\/div>\n\t<div class=\"col-md-6\">\n\t\t<p><label> Geburtsdatum*<br \/>\n<span class=\"wpcf7-form-control-wrap\" data-name=\"geburtsdatum\"><input size=\"40\" class=\"wpcf7-form-control wpcf7-text wpcf7-validates-as-required\" aria-required=\"true\" aria-invalid=\"false\" value=\"\" type=\"text\" name=\"geburtsdatum\" \/><\/span> <\/label>\n\t\t<\/p>\n\t<\/div>\n\t<div class=\"col-md-6\">\n\t\t<p><label> Stra\u00dfe*<br \/>\n<span class=\"wpcf7-form-control-wrap\" data-name=\"strasse\"><input size=\"40\" class=\"wpcf7-form-control wpcf7-text wpcf7-validates-as-required\" aria-required=\"true\" aria-invalid=\"false\" value=\"\" type=\"text\" name=\"strasse\" \/><\/span> <\/label>\n\t\t<\/p>\n\t<\/div>\n\t<div class=\"col-md-6\">\n\t\t<p><label> PLZ., Ort*<br \/>\n<span class=\"wpcf7-form-control-wrap\" data-name=\"ort\"><input size=\"40\" class=\"wpcf7-form-control wpcf7-text wpcf7-validates-as-required\" aria-required=\"true\" aria-invalid=\"false\" value=\"\" type=\"text\" name=\"ort\" \/><\/span> <\/label>\n\t\t<\/p>\n\t<\/div>\n\t<div class=\"col-md-6\">\n\t\t<p><label> Telefon vormittags*<br \/>\n<span class=\"wpcf7-form-control-wrap\" data-name=\"telefon\"><input size=\"40\" class=\"wpcf7-form-control wpcf7-tel wpcf7-validates-as-required wpcf7-text wpcf7-validates-as-tel\" aria-required=\"true\" aria-invalid=\"false\" value=\"\" type=\"tel\" name=\"telefon\" \/><\/span> <\/label>\n\t\t<\/p>\n\t<\/div>\n\t<div class=\"col-md-6\">\n\t\t<p><label> Ihre E-Mail-Adresse*<br \/>\n<span class=\"wpcf7-form-control-wrap\" data-name=\"email\"><input size=\"40\" class=\"wpcf7-form-control wpcf7-email wpcf7-validates-as-required wpcf7-text wpcf7-validates-as-email\" aria-required=\"true\" aria-invalid=\"false\" value=\"\" type=\"email\" name=\"email\" \/><\/span> <\/label>\n\t\t<\/p>\n\t<\/div>\n\t<div class=\"col-md-6\">\n\t\t<p><label> T-Shirt Gr\u00f6\u00dfe*<br \/>\n<span class=\"wpcf7-form-control-wrap\" data-name=\"tshirt\"><input size=\"40\" class=\"wpcf7-form-control wpcf7-text wpcf7-validates-as-required\" aria-required=\"true\" aria-invalid=\"false\" value=\"\" type=\"text\" name=\"tshirt\" \/><\/span> <\/label>\n\t\t<\/p>\n\t<\/div>\n\t<div class=\"col-md-12\">\n\t\t<p><span class=\"wpcf7-form-control-wrap\" data-name=\"genehmigung\"><span class=\"wpcf7-form-control wpcf7-checkbox\"><span class=\"wpcf7-list-item first last\"><label><input type=\"checkbox\" name=\"genehmigung[]\" value=\"Ich gestatte hiermit, dass Fotos aus den Veranstaltungen im Programm und auf der Internetseite verwendet werden d\u00fcrfen.\" \/><span class=\"wpcf7-list-item-label\">Ich gestatte hiermit, dass Fotos aus den Veranstaltungen im Programm und auf der Internetseite verwendet werden d\u00fcrfen.<\/span><\/label><\/span><\/span><\/span><br \/>\n<span class=\"wpcf7-form-control-wrap\" data-name=\"bezahlt\"><span class=\"wpcf7-form-control wpcf7-checkbox wpcf7-validates-as-required\"><span class=\"wpcf7-list-item first last\"><label><input type=\"checkbox\" name=\"bezahlt[]\" value=\"Die Kursgeb\u00fchr wurde auf DE 53 5945 0010 1030 1236 55 \u00fcberwiesen (ACHTUNG: Nicht auf das Schulkonto!!!). Bitte den Namen des Teilnehmers, Art des Kurses und Datum des Wunschtermins auf der \u00dcberweisung angeben.\" \/><span class=\"wpcf7-list-item-label\">Die Kursgeb\u00fchr wurde auf DE 53 5945 0010 1030 1236 55 \u00fcberwiesen (ACHTUNG: Nicht auf das Schulkonto!!!). Bitte den Namen des Teilnehmers, Art des Kurses und Datum des Wunschtermins auf der \u00dcberweisung angeben.<\/span><\/label><\/span><\/span><\/span><br \/>\n<label> Datum der \u00dcberweisung*<br \/>\n<span class=\"wpcf7-form-control-wrap\" data-name=\"datum-bezahlt\"><input size=\"40\" class=\"wpcf7-form-control wpcf7-text wpcf7-validates-as-required\" aria-required=\"true\" aria-invalid=\"false\" value=\"\" type=\"text\" name=\"datum-bezahlt\" \/><\/span> <\/label><br \/>\n<span class=\"wpcf7-form-control-wrap\" data-name=\"bedingungen\"><span class=\"wpcf7-form-control wpcf7-acceptance\"><span class=\"wpcf7-list-item\"><label><input type=\"checkbox\" name=\"bedingungen\" value=\"1\" aria-invalid=\"false\" \/><span class=\"wpcf7-list-item-label\">Ich habe die <a href=\"https:\/\/sport-total.com\/schwimmen\/anmeldeformular\/\" title=\"Gesch\u00e4ftsbedingungen anzeigen\" target=\"_blank\">Gesch\u00e4ftsbedingungen<\/a> gelesen und bin damit einverstanden.<\/span><\/label><\/span><\/span><\/span><br \/>\n* Pflichtfeld<br \/>\n<input class=\"wpcf7-form-control wpcf7-submit has-spinner\" type=\"submit\" value=\"Senden\" \/>\n\t\t<\/p>\n\t<\/div>\n<\/div><div class=\"wpcf7-response-output\" aria-hidden=\"true\"><\/div>\n<\/form>\n<\/div>\n[\/vc_column][\/vc_row]<\/p>\n","protected":false},"excerpt":{"rendered":"<p>[vc_row][vc_column css=&#8220;.vc_custom_1550149725813{background-color: #2e3192 !important;}&#8220;][vc_column_text] Wir zelten auf dem wundersch\u00f6nen Camping-platz in Kirkel. Burgfr\u00e4ulein und Ritter k\u00f6nnen sich t\u00e4glich im Naturfreibad tummeln, wir gehen zu den Kirkeler Kletterfelsen und zur Burg, erkunden den Wald, bauen vielleicht eine Waldh\u00fctte. Stockbrot, Hexenfeuer, Kerzenschein und Sternez\u00e4hlen, Eis essen gehen in der besten Eisdiele im ganzen Saar-Pfalz-Kreis, Radtour, Schnitzeljagd, Basteln, Filzen&#8230;..unser Ideenfundus ist unendlich! [\/vc_column_text][vc_row_inner][vc_column_inner width=&#8220;2\/3&#8243;][vc_column_text] Wer: Kinder zwischen 6 und 14 Jahren, die derzeit Kurs- oder Trainingsteilnehmer sind (und Freunde derer) Voraussetzung: Seepferdchen ACHTUNG: TEILNEHMERZAHL BEGRENZT!!!!!!!!!!!! Wann: Montag, 05.08.19, 09.30 Uhr bis Donnerstag, 08.08.18, 17.00 Uhr Wo: Campingplatz Kirkel Kosten: 150\u20ac, Geschwisterkind: 130\u20ac, incl. Ferien-T-Shirt, Betreuer: SPORT TOTAL Team Info: 06849\/91481, info@sport-total.com Meldeschluss: 11.06.19 bzw bei Erreichen max. Teilnehemrzahl Nach eingereichter Anmeldung und Meldeschlu\u00df bekommt Ihr weitere Infos per Mail\/Post. Bitte unbedingt Konto beachten: SPORT TOTAL FREIZEIT DE 53 5945 0010 1030 1236 55 [\/vc_column_text][\/vc_column_inner][vc_column_inner width=&#8220;1\/3&#8243;][vc_single_image image=&#8220;897&#8243; img_size=&#8220;large&#8220;][\/vc_column_inner][\/vc_row_inner][\/vc_column][\/vc_row][vc_row css=&#8220;.vc_custom_1554331104574{margin-top: 3% !important;}&#8220;][vc_column][\/vc_column][\/vc_row]<\/p>\n","protected":false},"author":1,"featured_media":890,"comment_status":"closed","ping_status":"closed","sticky":false,"template":"","format":"standard","meta":[],"categories":[6,15],"tags":[],"yoast_head":"<!-- This site is optimized with the Yoast SEO plugin v21.7 - https:\/\/yoast.com\/wordpress\/plugins\/seo\/ -->\n<title>SOMMERCAMP 05.08. \u2013 08.08.19 - Sport Total Schwimmschule<\/title>\n<meta name=\"robots\" content=\"index, follow, max-snippet:-1, max-image-preview:large, max-video-preview:-1\" \/>\n<link rel=\"canonical\" href=\"https:\/\/sport-total.com\/schwimmen\/sommercamp-august-19\/\" \/>\n<meta property=\"og:locale\" content=\"de_DE\" \/>\n<meta property=\"og:type\" content=\"article\" \/>\n<meta property=\"og:title\" content=\"SOMMERCAMP 05.08. \u2013 08.08.19 - Sport Total Schwimmschule\" \/>\n<meta property=\"og:description\" content=\"[vc_row][vc_column css=&#8220;.vc_custom_1550149725813{background-color: #2e3192 !important;}&#8220;][vc_column_text] Wir zelten auf dem wundersch\u00f6nen Camping-platz in Kirkel. Burgfr\u00e4ulein und Ritter k\u00f6nnen sich t\u00e4glich im Naturfreibad tummeln, wir gehen zu den Kirkeler Kletterfelsen und zur Burg, erkunden den Wald, bauen vielleicht eine Waldh\u00fctte. Stockbrot, Hexenfeuer, Kerzenschein und Sternez\u00e4hlen, Eis essen gehen in der besten Eisdiele im ganzen Saar-Pfalz-Kreis, Radtour, Schnitzeljagd, Basteln, Filzen&#8230;..unser Ideenfundus ist unendlich! [\/vc_column_text][vc_row_inner][vc_column_inner width=&#8220;2\/3&#8243;][vc_column_text] Wer: Kinder zwischen 6 und 14 Jahren, die derzeit Kurs- oder Trainingsteilnehmer sind (und Freunde derer) Voraussetzung: Seepferdchen ACHTUNG: TEILNEHMERZAHL BEGRENZT!!!!!!!!!!!! Wann: Montag, 05.08.19, 09.30 Uhr bis Donnerstag, 08.08.18, 17.00 Uhr Wo: Campingplatz Kirkel Kosten: 150\u20ac, Geschwisterkind: 130\u20ac, incl. Ferien-T-Shirt, Betreuer: SPORT TOTAL Team Info: 06849\/91481, info@sport-total.com Meldeschluss: 11.06.19 bzw bei Erreichen max. Teilnehemrzahl Nach eingereichter Anmeldung und Meldeschlu\u00df bekommt Ihr weitere Infos per Mail\/Post. Bitte unbedingt Konto beachten: SPORT TOTAL FREIZEIT DE 53 5945 0010 1030 1236 55 [\/vc_column_text][\/vc_column_inner][vc_column_inner width=&#8220;1\/3&#8243;][vc_single_image image=&#8220;897&#8243; img_size=&#8220;large&#8220;][\/vc_column_inner][\/vc_row_inner][\/vc_column][\/vc_row][vc_row css=&#8220;.vc_custom_1554331104574{margin-top: 3% !important;}&#8220;][vc_column][\/vc_column][\/vc_row]\" \/>\n<meta property=\"og:url\" content=\"https:\/\/sport-total.com\/schwimmen\/sommercamp-august-19\/\" \/>\n<meta property=\"og:site_name\" content=\"Sport Total Schwimmschule\" \/>\n<meta property=\"article:published_time\" content=\"2019-04-05T08:00:17+00:00\" \/>\n<meta property=\"article:modified_time\" content=\"2019-05-19T11:49:27+00:00\" \/>\n<meta property=\"og:image\" content=\"https:\/\/sport-total.com\/schwimmen\/wp-content\/uploads\/sites\/2\/2019\/04\/sommercamp.jpg\" \/>\n\t<meta property=\"og:image:width\" content=\"2048\" \/>\n\t<meta property=\"og:image:height\" content=\"1536\" \/>\n\t<meta property=\"og:image:type\" content=\"image\/jpeg\" \/>\n<meta name=\"author\" content=\"Marco\" \/>\n<meta name=\"twitter:card\" content=\"summary_large_image\" \/>\n<meta name=\"twitter:label1\" content=\"Verfasst von\" \/>\n\t<meta name=\"twitter:data1\" content=\"Marco\" \/>\n\t<meta name=\"twitter:label2\" content=\"Gesch\u00e4tzte Lesezeit\" \/>\n\t<meta name=\"twitter:data2\" content=\"1 Minute\" \/>\n<script type=\"application\/ld+json\" class=\"yoast-schema-graph\">{\"@context\":\"https:\/\/schema.org\",\"@graph\":[{\"@type\":\"Article\",\"@id\":\"https:\/\/sport-total.com\/schwimmen\/sommercamp-august-19\/#article\",\"isPartOf\":{\"@id\":\"https:\/\/sport-total.com\/schwimmen\/sommercamp-august-19\/\"},\"author\":{\"name\":\"Marco\",\"@id\":\"https:\/\/sport-total.com\/schwimmen\/#\/schema\/person\/1ac5b616100704dd9a4142a96c04d2f6\"},\"headline\":\"SOMMERCAMP 05.08. \u2013 08.08.19\",\"datePublished\":\"2019-04-05T08:00:17+00:00\",\"dateModified\":\"2019-05-19T11:49:27+00:00\",\"mainEntityOfPage\":{\"@id\":\"https:\/\/sport-total.com\/schwimmen\/sommercamp-august-19\/\"},\"wordCount\":197,\"publisher\":{\"@id\":\"https:\/\/sport-total.com\/schwimmen\/#organization\"},\"articleSection\":[\"Blog\",\"Spezials\"],\"inLanguage\":\"de-DE\"},{\"@type\":\"WebPage\",\"@id\":\"https:\/\/sport-total.com\/schwimmen\/sommercamp-august-19\/\",\"url\":\"https:\/\/sport-total.com\/schwimmen\/sommercamp-august-19\/\",\"name\":\"SOMMERCAMP 05.08. \u2013 08.08.19 - Sport Total Schwimmschule\",\"isPartOf\":{\"@id\":\"https:\/\/sport-total.com\/schwimmen\/#website\"},\"datePublished\":\"2019-04-05T08:00:17+00:00\",\"dateModified\":\"2019-05-19T11:49:27+00:00\",\"breadcrumb\":{\"@id\":\"https:\/\/sport-total.com\/schwimmen\/sommercamp-august-19\/#breadcrumb\"},\"inLanguage\":\"de-DE\",\"potentialAction\":[{\"@type\":\"ReadAction\",\"target\":[\"https:\/\/sport-total.com\/schwimmen\/sommercamp-august-19\/\"]}]},{\"@type\":\"BreadcrumbList\",\"@id\":\"https:\/\/sport-total.com\/schwimmen\/sommercamp-august-19\/#breadcrumb\",\"itemListElement\":[{\"@type\":\"ListItem\",\"position\":1,\"name\":\"Startseite\",\"item\":\"https:\/\/sport-total.com\/schwimmen\/\"},{\"@type\":\"ListItem\",\"position\":2,\"name\":\"SOMMERCAMP 05.08. \u2013 08.08.19\"}]},{\"@type\":\"WebSite\",\"@id\":\"https:\/\/sport-total.com\/schwimmen\/#website\",\"url\":\"https:\/\/sport-total.com\/schwimmen\/\",\"name\":\"Sport Total Schwimmschule\",\"description\":\"Alles rund ums Schwimmen!\",\"publisher\":{\"@id\":\"https:\/\/sport-total.com\/schwimmen\/#organization\"},\"potentialAction\":[{\"@type\":\"SearchAction\",\"target\":{\"@type\":\"EntryPoint\",\"urlTemplate\":\"https:\/\/sport-total.com\/schwimmen\/?s={search_term_string}\"},\"query-input\":\"required name=search_term_string\"}],\"inLanguage\":\"de-DE\"},{\"@type\":\"Organization\",\"@id\":\"https:\/\/sport-total.com\/schwimmen\/#organization\",\"name\":\"Sport Total\",\"url\":\"https:\/\/sport-total.com\/schwimmen\/\",\"logo\":{\"@type\":\"ImageObject\",\"inLanguage\":\"de-DE\",\"@id\":\"https:\/\/sport-total.com\/schwimmen\/#\/schema\/logo\/image\/\",\"url\":\"https:\/\/sport-total.com\/schwimmen\/wp-content\/uploads\/sites\/2\/2017\/06\/Logo_Sport_Total.png\",\"contentUrl\":\"https:\/\/sport-total.com\/schwimmen\/wp-content\/uploads\/sites\/2\/2017\/06\/Logo_Sport_Total.png\",\"width\":2000,\"height\":995,\"caption\":\"Sport Total\"},\"image\":{\"@id\":\"https:\/\/sport-total.com\/schwimmen\/#\/schema\/logo\/image\/\"}},{\"@type\":\"Person\",\"@id\":\"https:\/\/sport-total.com\/schwimmen\/#\/schema\/person\/1ac5b616100704dd9a4142a96c04d2f6\",\"name\":\"Marco\",\"image\":{\"@type\":\"ImageObject\",\"inLanguage\":\"de-DE\",\"@id\":\"https:\/\/sport-total.com\/schwimmen\/#\/schema\/person\/image\/\",\"url\":\"https:\/\/secure.gravatar.com\/avatar\/ab229ac9467da895ada4acaf680795f0?s=96&d=mm&r=g\",\"contentUrl\":\"https:\/\/secure.gravatar.com\/avatar\/ab229ac9467da895ada4acaf680795f0?s=96&d=mm&r=g\",\"caption\":\"Marco\"}}]}<\/script>\n<!-- \/ Yoast SEO plugin. -->","yoast_head_json":{"title":"SOMMERCAMP 05.08. \u2013 08.08.19 - Sport Total Schwimmschule","robots":{"index":"index","follow":"follow","max-snippet":"max-snippet:-1","max-image-preview":"max-image-preview:large","max-video-preview":"max-video-preview:-1"},"canonical":"https:\/\/sport-total.com\/schwimmen\/sommercamp-august-19\/","og_locale":"de_DE","og_type":"article","og_title":"SOMMERCAMP 05.08. \u2013 08.08.19 - Sport Total Schwimmschule","og_description":"[vc_row][vc_column css=&#8220;.vc_custom_1550149725813{background-color: #2e3192 !important;}&#8220;][vc_column_text] Wir zelten auf dem wundersch\u00f6nen Camping-platz in Kirkel. Burgfr\u00e4ulein und Ritter k\u00f6nnen sich t\u00e4glich im Naturfreibad tummeln, wir gehen zu den Kirkeler Kletterfelsen und zur Burg, erkunden den Wald, bauen vielleicht eine Waldh\u00fctte. Stockbrot, Hexenfeuer, Kerzenschein und Sternez\u00e4hlen, Eis essen gehen in der besten Eisdiele im ganzen Saar-Pfalz-Kreis, Radtour, Schnitzeljagd, Basteln, Filzen&#8230;..unser Ideenfundus ist unendlich! [\/vc_column_text][vc_row_inner][vc_column_inner width=&#8220;2\/3&#8243;][vc_column_text] Wer: Kinder zwischen 6 und 14 Jahren, die derzeit Kurs- oder Trainingsteilnehmer sind (und Freunde derer) Voraussetzung: Seepferdchen ACHTUNG: TEILNEHMERZAHL BEGRENZT!!!!!!!!!!!! Wann: Montag, 05.08.19, 09.30 Uhr bis Donnerstag, 08.08.18, 17.00 Uhr Wo: Campingplatz Kirkel Kosten: 150\u20ac, Geschwisterkind: 130\u20ac, incl. Ferien-T-Shirt, Betreuer: SPORT TOTAL Team Info: 06849\/91481, info@sport-total.com Meldeschluss: 11.06.19 bzw bei Erreichen max. Teilnehemrzahl Nach eingereichter Anmeldung und Meldeschlu\u00df bekommt Ihr weitere Infos per Mail\/Post. Bitte unbedingt Konto beachten: SPORT TOTAL FREIZEIT DE 53 5945 0010 1030 1236 55 [\/vc_column_text][\/vc_column_inner][vc_column_inner width=&#8220;1\/3&#8243;][vc_single_image image=&#8220;897&#8243; img_size=&#8220;large&#8220;][\/vc_column_inner][\/vc_row_inner][\/vc_column][\/vc_row][vc_row css=&#8220;.vc_custom_1554331104574{margin-top: 3% !important;}&#8220;][vc_column][\/vc_column][\/vc_row]","og_url":"https:\/\/sport-total.com\/schwimmen\/sommercamp-august-19\/","og_site_name":"Sport Total Schwimmschule","article_published_time":"2019-04-05T08:00:17+00:00","article_modified_time":"2019-05-19T11:49:27+00:00","og_image":[{"width":2048,"height":1536,"url":"https:\/\/sport-total.com\/schwimmen\/wp-content\/uploads\/sites\/2\/2019\/04\/sommercamp.jpg","type":"image\/jpeg"}],"author":"Marco","twitter_card":"summary_large_image","twitter_misc":{"Verfasst von":"Marco","Gesch\u00e4tzte Lesezeit":"1 Minute"},"schema":{"@context":"https:\/\/schema.org","@graph":[{"@type":"Article","@id":"https:\/\/sport-total.com\/schwimmen\/sommercamp-august-19\/#article","isPartOf":{"@id":"https:\/\/sport-total.com\/schwimmen\/sommercamp-august-19\/"},"author":{"name":"Marco","@id":"https:\/\/sport-total.com\/schwimmen\/#\/schema\/person\/1ac5b616100704dd9a4142a96c04d2f6"},"headline":"SOMMERCAMP 05.08. \u2013 08.08.19","datePublished":"2019-04-05T08:00:17+00:00","dateModified":"2019-05-19T11:49:27+00:00","mainEntityOfPage":{"@id":"https:\/\/sport-total.com\/schwimmen\/sommercamp-august-19\/"},"wordCount":197,"publisher":{"@id":"https:\/\/sport-total.com\/schwimmen\/#organization"},"articleSection":["Blog","Spezials"],"inLanguage":"de-DE"},{"@type":"WebPage","@id":"https:\/\/sport-total.com\/schwimmen\/sommercamp-august-19\/","url":"https:\/\/sport-total.com\/schwimmen\/sommercamp-august-19\/","name":"SOMMERCAMP 05.08. \u2013 08.08.19 - Sport Total Schwimmschule","isPartOf":{"@id":"https:\/\/sport-total.com\/schwimmen\/#website"},"datePublished":"2019-04-05T08:00:17+00:00","dateModified":"2019-05-19T11:49:27+00:00","breadcrumb":{"@id":"https:\/\/sport-total.com\/schwimmen\/sommercamp-august-19\/#breadcrumb"},"inLanguage":"de-DE","potentialAction":[{"@type":"ReadAction","target":["https:\/\/sport-total.com\/schwimmen\/sommercamp-august-19\/"]}]},{"@type":"BreadcrumbList","@id":"https:\/\/sport-total.com\/schwimmen\/sommercamp-august-19\/#breadcrumb","itemListElement":[{"@type":"ListItem","position":1,"name":"Startseite","item":"https:\/\/sport-total.com\/schwimmen\/"},{"@type":"ListItem","position":2,"name":"SOMMERCAMP 05.08. \u2013 08.08.19"}]},{"@type":"WebSite","@id":"https:\/\/sport-total.com\/schwimmen\/#website","url":"https:\/\/sport-total.com\/schwimmen\/","name":"Sport Total Schwimmschule","description":"Alles rund ums Schwimmen!","publisher":{"@id":"https:\/\/sport-total.com\/schwimmen\/#organization"},"potentialAction":[{"@type":"SearchAction","target":{"@type":"EntryPoint","urlTemplate":"https:\/\/sport-total.com\/schwimmen\/?s={search_term_string}"},"query-input":"required name=search_term_string"}],"inLanguage":"de-DE"},{"@type":"Organization","@id":"https:\/\/sport-total.com\/schwimmen\/#organization","name":"Sport Total","url":"https:\/\/sport-total.com\/schwimmen\/","logo":{"@type":"ImageObject","inLanguage":"de-DE","@id":"https:\/\/sport-total.com\/schwimmen\/#\/schema\/logo\/image\/","url":"https:\/\/sport-total.com\/schwimmen\/wp-content\/uploads\/sites\/2\/2017\/06\/Logo_Sport_Total.png","contentUrl":"https:\/\/sport-total.com\/schwimmen\/wp-content\/uploads\/sites\/2\/2017\/06\/Logo_Sport_Total.png","width":2000,"height":995,"caption":"Sport Total"},"image":{"@id":"https:\/\/sport-total.com\/schwimmen\/#\/schema\/logo\/image\/"}},{"@type":"Person","@id":"https:\/\/sport-total.com\/schwimmen\/#\/schema\/person\/1ac5b616100704dd9a4142a96c04d2f6","name":"Marco","image":{"@type":"ImageObject","inLanguage":"de-DE","@id":"https:\/\/sport-total.com\/schwimmen\/#\/schema\/person\/image\/","url":"https:\/\/secure.gravatar.com\/avatar\/ab229ac9467da895ada4acaf680795f0?s=96&d=mm&r=g","contentUrl":"https:\/\/secure.gravatar.com\/avatar\/ab229ac9467da895ada4acaf680795f0?s=96&d=mm&r=g","caption":"Marco"}}]}},"_links":{"self":[{"href":"https:\/\/sport-total.com\/schwimmen\/wp-json\/wp\/v2\/posts\/893"}],"collection":[{"href":"https:\/\/sport-total.com\/schwimmen\/wp-json\/wp\/v2\/posts"}],"about":[{"href":"https:\/\/sport-total.com\/schwimmen\/wp-json\/wp\/v2\/types\/post"}],"author":[{"embeddable":true,"href":"https:\/\/sport-total.com\/schwimmen\/wp-json\/wp\/v2\/users\/1"}],"replies":[{"embeddable":true,"href":"https:\/\/sport-total.com\/schwimmen\/wp-json\/wp\/v2\/comments?post=893"}],"version-history":[{"count":11,"href":"https:\/\/sport-total.com\/schwimmen\/wp-json\/wp\/v2\/posts\/893\/revisions"}],"predecessor-version":[{"id":923,"href":"https:\/\/sport-total.com\/schwimmen\/wp-json\/wp\/v2\/posts\/893\/revisions\/923"}],"wp:featuredmedia":[{"embeddable":true,"href":"https:\/\/sport-total.com\/schwimmen\/wp-json\/wp\/v2\/media\/890"}],"wp:attachment":[{"href":"https:\/\/sport-total.com\/schwimmen\/wp-json\/wp\/v2\/media?parent=893"}],"wp:term":[{"taxonomy":"category","embeddable":true,"href":"https:\/\/sport-total.com\/schwimmen\/wp-json\/wp\/v2\/categories?post=893"},{"taxonomy":"post_tag","embeddable":true,"href":"https:\/\/sport-total.com\/schwimmen\/wp-json\/wp\/v2\/tags?post=893"}],"curies":[{"name":"wp","href":"https:\/\/api.w.org\/{rel}","templated":true}]}}