{"id":684,"date":"2018-07-27T13:12:07","date_gmt":"2018-07-27T11:12:07","guid":{"rendered":"http:\/\/sport-total.com\/schwimmen\/?p=684"},"modified":"2018-10-14T10:49:19","modified_gmt":"2018-10-14T08:49:19","slug":"herbstferien-intensiv-kurse","status":"publish","type":"post","link":"https:\/\/sport-total.com\/schwimmen\/herbstferien-intensiv-kurse\/","title":{"rendered":"Herbstferien &#8211; Intensiv \u2013 Kurse"},"content":{"rendered":"<p>[vc_row][vc_column][vc_column_text]Vom\u00a0<strong>30.9-6.10.<\/strong> sind alle Kinder und Erwachsene zum Schwimmenlernen oder Verbessern an <strong>f\u00fcnf<\/strong> der 7 Tage mit uns im Wasser.[\/vc_column_text][\/vc_column][\/vc_row][vc_row css=&#8220;.vc_custom_1532689886950{padding: 3% !important;background-color: #2e3192 !important;}&#8220;][vc_column][vc_column_text]<\/p>\n<p style=\"text-align: center;\"><span style=\"color: #ffffff;\">Wo: KOI<\/span><br \/>\n<span style=\"color: #ffffff;\">Wann: Wir teilen die Gruppen nach Ihren Angaben des K\u00f6nnens, Zeitw\u00fcnschen, Alter und Geschwisterkindern ein; bitte geben Sie f\u00fcr die Werktage Vormittag (zw. 08.00 \u2013 13.30 Uhr) bzw Nachmittag (zw 14.00 \u2013 19.00 Uhr) in der Anmeldung an. An Samstagen, Sonntagen und Feiertagen gehen wir von freier Verf\u00fcgbarkeit aus!<\/span><br \/>\n<span style=\"color: #ffffff;\">Wie oft: 5 Termine a 45min<\/span><br \/>\n<span style=\"color: #ffffff;\">Wieviel: 66 \u20ac incl. Eintritt, 2. Geschwisterkind 60 \u20ac<\/span><br \/>\n<span style=\"color: #ffffff;\">Wer: Anf\u00e4nger, Fortgeschrittene, Schwimmer, auch ERWACHSENE<\/span><br \/>\n<span style=\"color: #ffffff;\">Was: Wassergew\u00f6hnung oder Schwimmenlernen oder Technik<\/span><\/p>\n<p>[\/vc_column_text][vc_btn title=&#8220;derzeit keine Anmeldung m\u00f6glich!&#8220; align=&#8220;center&#8220; i_icon_fontawesome=&#8220;fa fa-pencil&#8220; add_icon=&#8220;true&#8220; link=&#8220;|||&#8220;][\/vc_column][\/vc_row]<\/p>\n","protected":false},"excerpt":{"rendered":"<p>Vom 30.9-6.10. sind alle Kinder und Erwachsene zum Schwimmenlernen oder Verbessern an f\u00fcnf der 7 Tage mit uns im Wasser.<\/p>\n","protected":false},"author":1,"featured_media":685,"comment_status":"closed","ping_status":"closed","sticky":false,"template":"","format":"standard","meta":[],"categories":[6,14],"tags":[],"yoast_head":"<!-- This site is optimized with the Yoast SEO plugin v21.7 - https:\/\/yoast.com\/wordpress\/plugins\/seo\/ -->\n<title>Herbstferien - Intensiv \u2013 Kurse - Sport Total Schwimmschule<\/title>\n<meta name=\"robots\" content=\"index, follow, max-snippet:-1, max-image-preview:large, max-video-preview:-1\" \/>\n<link rel=\"canonical\" href=\"https:\/\/sport-total.com\/schwimmen\/herbstferien-intensiv-kurse\/\" \/>\n<meta property=\"og:locale\" content=\"de_DE\" \/>\n<meta property=\"og:type\" content=\"article\" \/>\n<meta property=\"og:title\" content=\"Herbstferien - Intensiv \u2013 Kurse - Sport Total Schwimmschule\" \/>\n<meta property=\"og:description\" content=\"Vom 30.9-6.10. sind alle Kinder und Erwachsene zum Schwimmenlernen oder Verbessern an f\u00fcnf der 7 Tage mit uns im Wasser.\" \/>\n<meta property=\"og:url\" content=\"https:\/\/sport-total.com\/schwimmen\/herbstferien-intensiv-kurse\/\" \/>\n<meta property=\"og:site_name\" content=\"Sport Total Schwimmschule\" \/>\n<meta property=\"article:published_time\" content=\"2018-07-27T11:12:07+00:00\" \/>\n<meta property=\"article:modified_time\" content=\"2018-10-14T08:49:19+00:00\" \/>\n<meta property=\"og:image\" content=\"https:\/\/sport-total.com\/schwimmen\/wp-content\/uploads\/sites\/2\/2018\/07\/herbst.jpg\" \/>\n\t<meta property=\"og:image:width\" content=\"1035\" \/>\n\t<meta property=\"og:image:height\" content=\"492\" \/>\n\t<meta property=\"og:image:type\" content=\"image\/jpeg\" \/>\n<meta name=\"author\" content=\"Marco\" \/>\n<meta name=\"twitter:card\" content=\"summary_large_image\" \/>\n<meta name=\"twitter:label1\" content=\"Verfasst von\" \/>\n\t<meta name=\"twitter:data1\" content=\"Marco\" \/>\n\t<meta name=\"twitter:label2\" content=\"Gesch\u00e4tzte Lesezeit\" \/>\n\t<meta name=\"twitter:data2\" content=\"1 Minute\" \/>\n<script type=\"application\/ld+json\" class=\"yoast-schema-graph\">{\"@context\":\"https:\/\/schema.org\",\"@graph\":[{\"@type\":\"Article\",\"@id\":\"https:\/\/sport-total.com\/schwimmen\/herbstferien-intensiv-kurse\/#article\",\"isPartOf\":{\"@id\":\"https:\/\/sport-total.com\/schwimmen\/herbstferien-intensiv-kurse\/\"},\"author\":{\"name\":\"Marco\",\"@id\":\"https:\/\/sport-total.com\/schwimmen\/#\/schema\/person\/1ac5b616100704dd9a4142a96c04d2f6\"},\"headline\":\"Herbstferien &#8211; Intensiv \u2013 Kurse\",\"datePublished\":\"2018-07-27T11:12:07+00:00\",\"dateModified\":\"2018-10-14T08:49:19+00:00\",\"mainEntityOfPage\":{\"@id\":\"https:\/\/sport-total.com\/schwimmen\/herbstferien-intensiv-kurse\/\"},\"wordCount\":151,\"publisher\":{\"@id\":\"https:\/\/sport-total.com\/schwimmen\/#organization\"},\"articleSection\":[\"Blog\",\"Ferien\"],\"inLanguage\":\"de-DE\"},{\"@type\":\"WebPage\",\"@id\":\"https:\/\/sport-total.com\/schwimmen\/herbstferien-intensiv-kurse\/\",\"url\":\"https:\/\/sport-total.com\/schwimmen\/herbstferien-intensiv-kurse\/\",\"name\":\"Herbstferien - Intensiv \u2013 Kurse - Sport Total Schwimmschule\",\"isPartOf\":{\"@id\":\"https:\/\/sport-total.com\/schwimmen\/#website\"},\"datePublished\":\"2018-07-27T11:12:07+00:00\",\"dateModified\":\"2018-10-14T08:49:19+00:00\",\"breadcrumb\":{\"@id\":\"https:\/\/sport-total.com\/schwimmen\/herbstferien-intensiv-kurse\/#breadcrumb\"},\"inLanguage\":\"de-DE\",\"potentialAction\":[{\"@type\":\"ReadAction\",\"target\":[\"https:\/\/sport-total.com\/schwimmen\/herbstferien-intensiv-kurse\/\"]}]},{\"@type\":\"BreadcrumbList\",\"@id\":\"https:\/\/sport-total.com\/schwimmen\/herbstferien-intensiv-kurse\/#breadcrumb\",\"itemListElement\":[{\"@type\":\"ListItem\",\"position\":1,\"name\":\"Startseite\",\"item\":\"https:\/\/sport-total.com\/schwimmen\/\"},{\"@type\":\"ListItem\",\"position\":2,\"name\":\"Herbstferien &#8211; Intensiv \u2013 Kurse\"}]},{\"@type\":\"WebSite\",\"@id\":\"https:\/\/sport-total.com\/schwimmen\/#website\",\"url\":\"https:\/\/sport-total.com\/schwimmen\/\",\"name\":\"Sport Total Schwimmschule\",\"description\":\"Alles rund ums Schwimmen!\",\"publisher\":{\"@id\":\"https:\/\/sport-total.com\/schwimmen\/#organization\"},\"potentialAction\":[{\"@type\":\"SearchAction\",\"target\":{\"@type\":\"EntryPoint\",\"urlTemplate\":\"https:\/\/sport-total.com\/schwimmen\/?s={search_term_string}\"},\"query-input\":\"required name=search_term_string\"}],\"inLanguage\":\"de-DE\"},{\"@type\":\"Organization\",\"@id\":\"https:\/\/sport-total.com\/schwimmen\/#organization\",\"name\":\"Sport Total\",\"url\":\"https:\/\/sport-total.com\/schwimmen\/\",\"logo\":{\"@type\":\"ImageObject\",\"inLanguage\":\"de-DE\",\"@id\":\"https:\/\/sport-total.com\/schwimmen\/#\/schema\/logo\/image\/\",\"url\":\"https:\/\/sport-total.com\/schwimmen\/wp-content\/uploads\/sites\/2\/2017\/06\/Logo_Sport_Total.png\",\"contentUrl\":\"https:\/\/sport-total.com\/schwimmen\/wp-content\/uploads\/sites\/2\/2017\/06\/Logo_Sport_Total.png\",\"width\":2000,\"height\":995,\"caption\":\"Sport Total\"},\"image\":{\"@id\":\"https:\/\/sport-total.com\/schwimmen\/#\/schema\/logo\/image\/\"}},{\"@type\":\"Person\",\"@id\":\"https:\/\/sport-total.com\/schwimmen\/#\/schema\/person\/1ac5b616100704dd9a4142a96c04d2f6\",\"name\":\"Marco\",\"image\":{\"@type\":\"ImageObject\",\"inLanguage\":\"de-DE\",\"@id\":\"https:\/\/sport-total.com\/schwimmen\/#\/schema\/person\/image\/\",\"url\":\"https:\/\/secure.gravatar.com\/avatar\/ab229ac9467da895ada4acaf680795f0?s=96&d=mm&r=g\",\"contentUrl\":\"https:\/\/secure.gravatar.com\/avatar\/ab229ac9467da895ada4acaf680795f0?s=96&d=mm&r=g\",\"caption\":\"Marco\"}}]}<\/script>\n<!-- \/ Yoast SEO plugin. -->","yoast_head_json":{"title":"Herbstferien - Intensiv \u2013 Kurse - Sport Total Schwimmschule","robots":{"index":"index","follow":"follow","max-snippet":"max-snippet:-1","max-image-preview":"max-image-preview:large","max-video-preview":"max-video-preview:-1"},"canonical":"https:\/\/sport-total.com\/schwimmen\/herbstferien-intensiv-kurse\/","og_locale":"de_DE","og_type":"article","og_title":"Herbstferien - Intensiv \u2013 Kurse - Sport Total Schwimmschule","og_description":"Vom 30.9-6.10. sind alle Kinder und Erwachsene zum Schwimmenlernen oder Verbessern an f\u00fcnf der 7 Tage mit uns im Wasser.","og_url":"https:\/\/sport-total.com\/schwimmen\/herbstferien-intensiv-kurse\/","og_site_name":"Sport Total Schwimmschule","article_published_time":"2018-07-27T11:12:07+00:00","article_modified_time":"2018-10-14T08:49:19+00:00","og_image":[{"width":1035,"height":492,"url":"https:\/\/sport-total.com\/schwimmen\/wp-content\/uploads\/sites\/2\/2018\/07\/herbst.jpg","type":"image\/jpeg"}],"author":"Marco","twitter_card":"summary_large_image","twitter_misc":{"Verfasst von":"Marco","Gesch\u00e4tzte Lesezeit":"1 Minute"},"schema":{"@context":"https:\/\/schema.org","@graph":[{"@type":"Article","@id":"https:\/\/sport-total.com\/schwimmen\/herbstferien-intensiv-kurse\/#article","isPartOf":{"@id":"https:\/\/sport-total.com\/schwimmen\/herbstferien-intensiv-kurse\/"},"author":{"name":"Marco","@id":"https:\/\/sport-total.com\/schwimmen\/#\/schema\/person\/1ac5b616100704dd9a4142a96c04d2f6"},"headline":"Herbstferien &#8211; Intensiv \u2013 Kurse","datePublished":"2018-07-27T11:12:07+00:00","dateModified":"2018-10-14T08:49:19+00:00","mainEntityOfPage":{"@id":"https:\/\/sport-total.com\/schwimmen\/herbstferien-intensiv-kurse\/"},"wordCount":151,"publisher":{"@id":"https:\/\/sport-total.com\/schwimmen\/#organization"},"articleSection":["Blog","Ferien"],"inLanguage":"de-DE"},{"@type":"WebPage","@id":"https:\/\/sport-total.com\/schwimmen\/herbstferien-intensiv-kurse\/","url":"https:\/\/sport-total.com\/schwimmen\/herbstferien-intensiv-kurse\/","name":"Herbstferien - Intensiv \u2013 Kurse - Sport Total Schwimmschule","isPartOf":{"@id":"https:\/\/sport-total.com\/schwimmen\/#website"},"datePublished":"2018-07-27T11:12:07+00:00","dateModified":"2018-10-14T08:49:19+00:00","breadcrumb":{"@id":"https:\/\/sport-total.com\/schwimmen\/herbstferien-intensiv-kurse\/#breadcrumb"},"inLanguage":"de-DE","potentialAction":[{"@type":"ReadAction","target":["https:\/\/sport-total.com\/schwimmen\/herbstferien-intensiv-kurse\/"]}]},{"@type":"BreadcrumbList","@id":"https:\/\/sport-total.com\/schwimmen\/herbstferien-intensiv-kurse\/#breadcrumb","itemListElement":[{"@type":"ListItem","position":1,"name":"Startseite","item":"https:\/\/sport-total.com\/schwimmen\/"},{"@type":"ListItem","position":2,"name":"Herbstferien &#8211; Intensiv \u2013 Kurse"}]},{"@type":"WebSite","@id":"https:\/\/sport-total.com\/schwimmen\/#website","url":"https:\/\/sport-total.com\/schwimmen\/","name":"Sport Total Schwimmschule","description":"Alles rund ums Schwimmen!","publisher":{"@id":"https:\/\/sport-total.com\/schwimmen\/#organization"},"potentialAction":[{"@type":"SearchAction","target":{"@type":"EntryPoint","urlTemplate":"https:\/\/sport-total.com\/schwimmen\/?s={search_term_string}"},"query-input":"required name=search_term_string"}],"inLanguage":"de-DE"},{"@type":"Organization","@id":"https:\/\/sport-total.com\/schwimmen\/#organization","name":"Sport Total","url":"https:\/\/sport-total.com\/schwimmen\/","logo":{"@type":"ImageObject","inLanguage":"de-DE","@id":"https:\/\/sport-total.com\/schwimmen\/#\/schema\/logo\/image\/","url":"https:\/\/sport-total.com\/schwimmen\/wp-content\/uploads\/sites\/2\/2017\/06\/Logo_Sport_Total.png","contentUrl":"https:\/\/sport-total.com\/schwimmen\/wp-content\/uploads\/sites\/2\/2017\/06\/Logo_Sport_Total.png","width":2000,"height":995,"caption":"Sport Total"},"image":{"@id":"https:\/\/sport-total.com\/schwimmen\/#\/schema\/logo\/image\/"}},{"@type":"Person","@id":"https:\/\/sport-total.com\/schwimmen\/#\/schema\/person\/1ac5b616100704dd9a4142a96c04d2f6","name":"Marco","image":{"@type":"ImageObject","inLanguage":"de-DE","@id":"https:\/\/sport-total.com\/schwimmen\/#\/schema\/person\/image\/","url":"https:\/\/secure.gravatar.com\/avatar\/ab229ac9467da895ada4acaf680795f0?s=96&d=mm&r=g","contentUrl":"https:\/\/secure.gravatar.com\/avatar\/ab229ac9467da895ada4acaf680795f0?s=96&d=mm&r=g","caption":"Marco"}}]}},"_links":{"self":[{"href":"https:\/\/sport-total.com\/schwimmen\/wp-json\/wp\/v2\/posts\/684"}],"collection":[{"href":"https:\/\/sport-total.com\/schwimmen\/wp-json\/wp\/v2\/posts"}],"about":[{"href":"https:\/\/sport-total.com\/schwimmen\/wp-json\/wp\/v2\/types\/post"}],"author":[{"embeddable":true,"href":"https:\/\/sport-total.com\/schwimmen\/wp-json\/wp\/v2\/users\/1"}],"replies":[{"embeddable":true,"href":"https:\/\/sport-total.com\/schwimmen\/wp-json\/wp\/v2\/comments?post=684"}],"version-history":[{"count":20,"href":"https:\/\/sport-total.com\/schwimmen\/wp-json\/wp\/v2\/posts\/684\/revisions"}],"predecessor-version":[{"id":771,"href":"https:\/\/sport-total.com\/schwimmen\/wp-json\/wp\/v2\/posts\/684\/revisions\/771"}],"wp:featuredmedia":[{"embeddable":true,"href":"https:\/\/sport-total.com\/schwimmen\/wp-json\/wp\/v2\/media\/685"}],"wp:attachment":[{"href":"https:\/\/sport-total.com\/schwimmen\/wp-json\/wp\/v2\/media?parent=684"}],"wp:term":[{"taxonomy":"category","embeddable":true,"href":"https:\/\/sport-total.com\/schwimmen\/wp-json\/wp\/v2\/categories?post=684"},{"taxonomy":"post_tag","embeddable":true,"href":"https:\/\/sport-total.com\/schwimmen\/wp-json\/wp\/v2\/tags?post=684"}],"curies":[{"name":"wp","href":"https:\/\/api.w.org\/{rel}","templated":true}]}}