{"id":27049,"date":"2026-04-26T15:12:40","date_gmt":"2026-04-26T13:12:40","guid":{"rendered":"https:\/\/sport-total.com\/schwimmen\/?p=27049"},"modified":"2026-04-26T15:15:59","modified_gmt":"2026-04-26T13:15:59","slug":"sommerferien-intensiv-kurse-2","status":"publish","type":"post","link":"https:\/\/sport-total.com\/schwimmen\/sommerferien-intensiv-kurse-2\/","title":{"rendered":"Sommerferien &#8211; Intensiv &#8211; Kurse"},"content":{"rendered":"\n<h2 class=\"wp-block-heading\">f\u00fcr Anf\u00e4nger und K\u00f6nner<\/h2>\n\n\n\n<p>Block 1: Montag, 29.06.2026 \u2013 Freitag, 03.07.26<\/p>\n\n\n\n<p>weitere Termine folgen!<\/p>\n\n\n\n<p class=\"has-text-align-center has-white-color has-text-color has-background\" style=\"background-color:#2e3192\">Wo: KOI<br>Wann: Vormittags zw 8.00 \u2013 12.30 Uhr. Wir teilen die Gruppen nach Ihren Angaben des K\u00f6nnens, Zeitw\u00fcnschen, Alter und Geschwisterkindern ein<br>Wie oft: 5 Termine a 45min<br>Wieviel: 100 \u20ac incl. Eintritt<br>Wer: Anf\u00e4nger, Fortgeschrittene<br>Was: Wassergew\u00f6hnung oder Schwimmenlernen oder Schwimmen verbessern<\/p>\n\n\n\n<p>Anmeldung \u00fcber unser <a href=\"https:\/\/sport-total.com\/schwimmen\/ferienanmeldung\/\">Anmeldeformular.<\/a><br>Meldeschluss 15.06.2026 oder wenn ausgebucht<\/p>\n","protected":false},"excerpt":{"rendered":"<p>f\u00fcr Anf\u00e4nger und K\u00f6nner<\/p>\n<p>Block 1: Montag, 29.06.2026 \u2013 Freitag, 03.07.26<\/p>\n<p>weitere Termine folgen!<\/p>\n","protected":false},"author":1,"featured_media":10637,"comment_status":"closed","ping_status":"closed","sticky":false,"template":"","format":"standard","meta":[],"categories":[14],"tags":[],"yoast_head":"<!-- This site is optimized with the Yoast SEO plugin v21.7 - https:\/\/yoast.com\/wordpress\/plugins\/seo\/ -->\n<title>Sommerferien - Intensiv - Kurse - Sport Total Schwimmschule<\/title>\n<meta name=\"robots\" content=\"index, follow, max-snippet:-1, max-image-preview:large, max-video-preview:-1\" \/>\n<link rel=\"canonical\" href=\"https:\/\/sport-total.com\/schwimmen\/sommerferien-intensiv-kurse-2\/\" \/>\n<meta property=\"og:locale\" content=\"de_DE\" \/>\n<meta property=\"og:type\" content=\"article\" \/>\n<meta property=\"og:title\" content=\"Sommerferien - Intensiv - Kurse - Sport Total Schwimmschule\" \/>\n<meta property=\"og:description\" content=\"f\u00fcr Anf\u00e4nger und K\u00f6nner Block 1: Montag, 29.06.2026 \u2013 Freitag, 03.07.26 weitere Termine folgen!\" \/>\n<meta property=\"og:url\" content=\"https:\/\/sport-total.com\/schwimmen\/sommerferien-intensiv-kurse-2\/\" \/>\n<meta property=\"og:site_name\" content=\"Sport Total Schwimmschule\" \/>\n<meta property=\"article:published_time\" content=\"2026-04-26T13:12:40+00:00\" \/>\n<meta property=\"article:modified_time\" content=\"2026-04-26T13:15:59+00:00\" \/>\n<meta property=\"og:image\" content=\"https:\/\/sport-total.com\/schwimmen\/wp-content\/uploads\/sites\/2\/2025\/03\/oster-intensivkurs-2025.jpg\" \/>\n\t<meta property=\"og:image:width\" content=\"762\" \/>\n\t<meta property=\"og:image:height\" content=\"874\" \/>\n\t<meta property=\"og:image:type\" content=\"image\/jpeg\" \/>\n<meta name=\"author\" content=\"Marco\" \/>\n<meta name=\"twitter:card\" content=\"summary_large_image\" \/>\n<meta name=\"twitter:label1\" content=\"Verfasst von\" \/>\n\t<meta name=\"twitter:data1\" content=\"Marco\" \/>\n<script type=\"application\/ld+json\" class=\"yoast-schema-graph\">{\"@context\":\"https:\/\/schema.org\",\"@graph\":[{\"@type\":\"Article\",\"@id\":\"https:\/\/sport-total.com\/schwimmen\/sommerferien-intensiv-kurse-2\/#article\",\"isPartOf\":{\"@id\":\"https:\/\/sport-total.com\/schwimmen\/sommerferien-intensiv-kurse-2\/\"},\"author\":{\"name\":\"Marco\",\"@id\":\"https:\/\/sport-total.com\/schwimmen\/#\/schema\/person\/1ac5b616100704dd9a4142a96c04d2f6\"},\"headline\":\"Sommerferien &#8211; Intensiv &#8211; Kurse\",\"datePublished\":\"2026-04-26T13:12:40+00:00\",\"dateModified\":\"2026-04-26T13:15:59+00:00\",\"mainEntityOfPage\":{\"@id\":\"https:\/\/sport-total.com\/schwimmen\/sommerferien-intensiv-kurse-2\/\"},\"wordCount\":63,\"publisher\":{\"@id\":\"https:\/\/sport-total.com\/schwimmen\/#organization\"},\"articleSection\":[\"Ferien\"],\"inLanguage\":\"de-DE\"},{\"@type\":\"WebPage\",\"@id\":\"https:\/\/sport-total.com\/schwimmen\/sommerferien-intensiv-kurse-2\/\",\"url\":\"https:\/\/sport-total.com\/schwimmen\/sommerferien-intensiv-kurse-2\/\",\"name\":\"Sommerferien - Intensiv - Kurse - Sport Total Schwimmschule\",\"isPartOf\":{\"@id\":\"https:\/\/sport-total.com\/schwimmen\/#website\"},\"datePublished\":\"2026-04-26T13:12:40+00:00\",\"dateModified\":\"2026-04-26T13:15:59+00:00\",\"breadcrumb\":{\"@id\":\"https:\/\/sport-total.com\/schwimmen\/sommerferien-intensiv-kurse-2\/#breadcrumb\"},\"inLanguage\":\"de-DE\",\"potentialAction\":[{\"@type\":\"ReadAction\",\"target\":[\"https:\/\/sport-total.com\/schwimmen\/sommerferien-intensiv-kurse-2\/\"]}]},{\"@type\":\"BreadcrumbList\",\"@id\":\"https:\/\/sport-total.com\/schwimmen\/sommerferien-intensiv-kurse-2\/#breadcrumb\",\"itemListElement\":[{\"@type\":\"ListItem\",\"position\":1,\"name\":\"Startseite\",\"item\":\"https:\/\/sport-total.com\/schwimmen\/\"},{\"@type\":\"ListItem\",\"position\":2,\"name\":\"Sommerferien &#8211; Intensiv &#8211; Kurse\"}]},{\"@type\":\"WebSite\",\"@id\":\"https:\/\/sport-total.com\/schwimmen\/#website\",\"url\":\"https:\/\/sport-total.com\/schwimmen\/\",\"name\":\"Sport Total Schwimmschule\",\"description\":\"Alles rund ums Schwimmen!\",\"publisher\":{\"@id\":\"https:\/\/sport-total.com\/schwimmen\/#organization\"},\"potentialAction\":[{\"@type\":\"SearchAction\",\"target\":{\"@type\":\"EntryPoint\",\"urlTemplate\":\"https:\/\/sport-total.com\/schwimmen\/?s={search_term_string}\"},\"query-input\":\"required name=search_term_string\"}],\"inLanguage\":\"de-DE\"},{\"@type\":\"Organization\",\"@id\":\"https:\/\/sport-total.com\/schwimmen\/#organization\",\"name\":\"Sport Total\",\"url\":\"https:\/\/sport-total.com\/schwimmen\/\",\"logo\":{\"@type\":\"ImageObject\",\"inLanguage\":\"de-DE\",\"@id\":\"https:\/\/sport-total.com\/schwimmen\/#\/schema\/logo\/image\/\",\"url\":\"https:\/\/sport-total.com\/schwimmen\/wp-content\/uploads\/sites\/2\/2017\/06\/Logo_Sport_Total.png\",\"contentUrl\":\"https:\/\/sport-total.com\/schwimmen\/wp-content\/uploads\/sites\/2\/2017\/06\/Logo_Sport_Total.png\",\"width\":2000,\"height\":995,\"caption\":\"Sport Total\"},\"image\":{\"@id\":\"https:\/\/sport-total.com\/schwimmen\/#\/schema\/logo\/image\/\"}},{\"@type\":\"Person\",\"@id\":\"https:\/\/sport-total.com\/schwimmen\/#\/schema\/person\/1ac5b616100704dd9a4142a96c04d2f6\",\"name\":\"Marco\",\"image\":{\"@type\":\"ImageObject\",\"inLanguage\":\"de-DE\",\"@id\":\"https:\/\/sport-total.com\/schwimmen\/#\/schema\/person\/image\/\",\"url\":\"https:\/\/secure.gravatar.com\/avatar\/ab229ac9467da895ada4acaf680795f0?s=96&d=mm&r=g\",\"contentUrl\":\"https:\/\/secure.gravatar.com\/avatar\/ab229ac9467da895ada4acaf680795f0?s=96&d=mm&r=g\",\"caption\":\"Marco\"}}]}<\/script>\n<!-- \/ Yoast SEO plugin. -->","yoast_head_json":{"title":"Sommerferien - Intensiv - Kurse - Sport Total Schwimmschule","robots":{"index":"index","follow":"follow","max-snippet":"max-snippet:-1","max-image-preview":"max-image-preview:large","max-video-preview":"max-video-preview:-1"},"canonical":"https:\/\/sport-total.com\/schwimmen\/sommerferien-intensiv-kurse-2\/","og_locale":"de_DE","og_type":"article","og_title":"Sommerferien - Intensiv - Kurse - Sport Total Schwimmschule","og_description":"f\u00fcr Anf\u00e4nger und K\u00f6nner Block 1: Montag, 29.06.2026 \u2013 Freitag, 03.07.26 weitere Termine folgen!","og_url":"https:\/\/sport-total.com\/schwimmen\/sommerferien-intensiv-kurse-2\/","og_site_name":"Sport Total Schwimmschule","article_published_time":"2026-04-26T13:12:40+00:00","article_modified_time":"2026-04-26T13:15:59+00:00","og_image":[{"width":762,"height":874,"url":"https:\/\/sport-total.com\/schwimmen\/wp-content\/uploads\/sites\/2\/2025\/03\/oster-intensivkurs-2025.jpg","type":"image\/jpeg"}],"author":"Marco","twitter_card":"summary_large_image","twitter_misc":{"Verfasst von":"Marco"},"schema":{"@context":"https:\/\/schema.org","@graph":[{"@type":"Article","@id":"https:\/\/sport-total.com\/schwimmen\/sommerferien-intensiv-kurse-2\/#article","isPartOf":{"@id":"https:\/\/sport-total.com\/schwimmen\/sommerferien-intensiv-kurse-2\/"},"author":{"name":"Marco","@id":"https:\/\/sport-total.com\/schwimmen\/#\/schema\/person\/1ac5b616100704dd9a4142a96c04d2f6"},"headline":"Sommerferien &#8211; Intensiv &#8211; Kurse","datePublished":"2026-04-26T13:12:40+00:00","dateModified":"2026-04-26T13:15:59+00:00","mainEntityOfPage":{"@id":"https:\/\/sport-total.com\/schwimmen\/sommerferien-intensiv-kurse-2\/"},"wordCount":63,"publisher":{"@id":"https:\/\/sport-total.com\/schwimmen\/#organization"},"articleSection":["Ferien"],"inLanguage":"de-DE"},{"@type":"WebPage","@id":"https:\/\/sport-total.com\/schwimmen\/sommerferien-intensiv-kurse-2\/","url":"https:\/\/sport-total.com\/schwimmen\/sommerferien-intensiv-kurse-2\/","name":"Sommerferien - Intensiv - Kurse - Sport Total Schwimmschule","isPartOf":{"@id":"https:\/\/sport-total.com\/schwimmen\/#website"},"datePublished":"2026-04-26T13:12:40+00:00","dateModified":"2026-04-26T13:15:59+00:00","breadcrumb":{"@id":"https:\/\/sport-total.com\/schwimmen\/sommerferien-intensiv-kurse-2\/#breadcrumb"},"inLanguage":"de-DE","potentialAction":[{"@type":"ReadAction","target":["https:\/\/sport-total.com\/schwimmen\/sommerferien-intensiv-kurse-2\/"]}]},{"@type":"BreadcrumbList","@id":"https:\/\/sport-total.com\/schwimmen\/sommerferien-intensiv-kurse-2\/#breadcrumb","itemListElement":[{"@type":"ListItem","position":1,"name":"Startseite","item":"https:\/\/sport-total.com\/schwimmen\/"},{"@type":"ListItem","position":2,"name":"Sommerferien &#8211; Intensiv &#8211; Kurse"}]},{"@type":"WebSite","@id":"https:\/\/sport-total.com\/schwimmen\/#website","url":"https:\/\/sport-total.com\/schwimmen\/","name":"Sport Total Schwimmschule","description":"Alles rund ums Schwimmen!","publisher":{"@id":"https:\/\/sport-total.com\/schwimmen\/#organization"},"potentialAction":[{"@type":"SearchAction","target":{"@type":"EntryPoint","urlTemplate":"https:\/\/sport-total.com\/schwimmen\/?s={search_term_string}"},"query-input":"required name=search_term_string"}],"inLanguage":"de-DE"},{"@type":"Organization","@id":"https:\/\/sport-total.com\/schwimmen\/#organization","name":"Sport Total","url":"https:\/\/sport-total.com\/schwimmen\/","logo":{"@type":"ImageObject","inLanguage":"de-DE","@id":"https:\/\/sport-total.com\/schwimmen\/#\/schema\/logo\/image\/","url":"https:\/\/sport-total.com\/schwimmen\/wp-content\/uploads\/sites\/2\/2017\/06\/Logo_Sport_Total.png","contentUrl":"https:\/\/sport-total.com\/schwimmen\/wp-content\/uploads\/sites\/2\/2017\/06\/Logo_Sport_Total.png","width":2000,"height":995,"caption":"Sport Total"},"image":{"@id":"https:\/\/sport-total.com\/schwimmen\/#\/schema\/logo\/image\/"}},{"@type":"Person","@id":"https:\/\/sport-total.com\/schwimmen\/#\/schema\/person\/1ac5b616100704dd9a4142a96c04d2f6","name":"Marco","image":{"@type":"ImageObject","inLanguage":"de-DE","@id":"https:\/\/sport-total.com\/schwimmen\/#\/schema\/person\/image\/","url":"https:\/\/secure.gravatar.com\/avatar\/ab229ac9467da895ada4acaf680795f0?s=96&d=mm&r=g","contentUrl":"https:\/\/secure.gravatar.com\/avatar\/ab229ac9467da895ada4acaf680795f0?s=96&d=mm&r=g","caption":"Marco"}}]}},"_links":{"self":[{"href":"https:\/\/sport-total.com\/schwimmen\/wp-json\/wp\/v2\/posts\/27049"}],"collection":[{"href":"https:\/\/sport-total.com\/schwimmen\/wp-json\/wp\/v2\/posts"}],"about":[{"href":"https:\/\/sport-total.com\/schwimmen\/wp-json\/wp\/v2\/types\/post"}],"author":[{"embeddable":true,"href":"https:\/\/sport-total.com\/schwimmen\/wp-json\/wp\/v2\/users\/1"}],"replies":[{"embeddable":true,"href":"https:\/\/sport-total.com\/schwimmen\/wp-json\/wp\/v2\/comments?post=27049"}],"version-history":[{"count":2,"href":"https:\/\/sport-total.com\/schwimmen\/wp-json\/wp\/v2\/posts\/27049\/revisions"}],"predecessor-version":[{"id":27051,"href":"https:\/\/sport-total.com\/schwimmen\/wp-json\/wp\/v2\/posts\/27049\/revisions\/27051"}],"wp:featuredmedia":[{"embeddable":true,"href":"https:\/\/sport-total.com\/schwimmen\/wp-json\/wp\/v2\/media\/10637"}],"wp:attachment":[{"href":"https:\/\/sport-total.com\/schwimmen\/wp-json\/wp\/v2\/media?parent=27049"}],"wp:term":[{"taxonomy":"category","embeddable":true,"href":"https:\/\/sport-total.com\/schwimmen\/wp-json\/wp\/v2\/categories?post=27049"},{"taxonomy":"post_tag","embeddable":true,"href":"https:\/\/sport-total.com\/schwimmen\/wp-json\/wp\/v2\/tags?post=27049"}],"curies":[{"name":"wp","href":"https:\/\/api.w.org\/{rel}","templated":true}]}}