{"id":25172,"date":"2025-10-12T17:19:10","date_gmt":"2025-10-12T15:19:10","guid":{"rendered":"https:\/\/sport-total.com\/schwimmen\/?p=25172"},"modified":"2025-10-12T17:20:01","modified_gmt":"2025-10-12T15:20:01","slug":"sport-total-sommercamp-2025","status":"publish","type":"post","link":"https:\/\/sport-total.com\/schwimmen\/sport-total-sommercamp-2025\/","title":{"rendered":"SPORT TOTAL Sommercamp 2025"},"content":{"rendered":"\n<p>Beim auf dem Campingplatz Kirkel j\u00e4hrlich stattfindenden Sommercamp der SPORT TOTAL Schwimm- und Tennisschule war \u2026\u2026.. NICHT (!!!) alles dabei.<\/p>\n\n\n\n<p>T\u00e4gliche Temperaturen um die 35\u00b0C machten den t\u00e4glichen Ausflug direkt nach nebenan zur stundenlangen Pflicht: das Kirkeler Naturfreibad samt Krake, Sprunganlage und schattigem Pl\u00e4tzchen war der wahre Inhalt.<\/p>\n\n\n\n<p>Eine kleine Radtour \u2013 noch bei keinem Lager sind die Kinder so toll geradelt ! \u2013 zum Kneippbecken im Wald, vers\u00fc\u00dft mit Eis und nat\u00fcrlich viel Unsinn a la cara und Gerrit\u2026.. Kneippbecken sind zum Dauerliegen da, ach so.<\/p>\n\n\n\n<p>Miniolympiade, Lagerfeuer mit und ohne Stockbrot, Burgwanderung und Sternschnuppensuchen war genauso dabei wie Freundschaftsb\u00e4nder und Altbackenes wie geliebtes \u201eSiedler von Catan\u201c.<\/p>\n\n\n\n<p>Wie hat es nachts und im Zelt geklappt? Das erste Mal schl\u00e4ft der jeweilige Zeltbetreuer mit im Zelt \u2013 zur Begeisterung der Kleinen, zum Stirnrunzeln der Gro\u00dfen und zum so lala bei den Betreuern selbst. Kathi schlief dann auch eine Nacht im Auto, weil die Jugendlichen in ihrem Zelt sich soooo breit gemacht hatten und so fest schliefen, da\u00df Kathi weder an ihre Luftmatratze noch an ihren Schlafsack kam. Das nennen wir dann doch mal Einsatz! Die Kleinen hingegen waren froh, da\u00df bei n\u00e4chtlichem Toilettengang u.\u00e4. der Erwachsene direkt greifbar war.<\/p>\n\n\n\n<p>Die Zwillinge Ella und Tilda feierten am letzten Tag ihren Geburtstag im Lager\u2026.mu\u00df sch\u00f6n sein, 30x gedr\u00fcckt, gratuliert und besungen zu werden. Eine Zahnfee wurde noch von der tapferen Marla bestellt, die sich wie auch die anderen Camp-Frischlinge super geschlagen hat. Die gro\u00dfe Zoe kam wiederum auf die Idee, n\u00e4chstes Mal die Seite zu wechseln und vielleicht Nachwuchsbetreuer zu werden. Max liebt Chef Tina, weil sie die Burger so perfekt macht, futtern k\u00f6nnen sowieso alle wie ganz Gro\u00dfe. Kiloweise Melonen, Nektarinen, Pfirsiche, \u00c4pfel, Bananen \u2026. Alles weg. Nebst 8 gro\u00dfen Gl\u00e4sern Nutella.<\/p>\n\n\n\n<p>So kann jeder eigene Geschichten erz\u00e4hlen\u2026bis zum n\u00e4chsten Jahr!<\/p>\n\n\n\n<figure class=\"wp-block-gallery has-nested-images columns-default is-cropped wp-block-gallery-1 is-layout-flex\">\n<figure class=\"wp-block-image size-large\"><img decoding=\"async\" loading=\"lazy\" width=\"461\" height=\"1024\" data-id=\"25178\"  src=\"https:\/\/sport-total.com\/schwimmen\/wp-content\/uploads\/sites\/2\/2025\/10\/IMG-20250815-WA0042-461x1024.jpg\" alt=\"\" class=\"wp-image-25178\" srcset=\"https:\/\/sport-total.com\/schwimmen\/wp-content\/uploads\/sites\/2\/2025\/10\/IMG-20250815-WA0042-461x1024.jpg 461w, https:\/\/sport-total.com\/schwimmen\/wp-content\/uploads\/sites\/2\/2025\/10\/IMG-20250815-WA0042-135x300.jpg 135w, https:\/\/sport-total.com\/schwimmen\/wp-content\/uploads\/sites\/2\/2025\/10\/IMG-20250815-WA0042-691x1536.jpg 691w, https:\/\/sport-total.com\/schwimmen\/wp-content\/uploads\/sites\/2\/2025\/10\/IMG-20250815-WA0042.jpg 720w\" sizes=\"(max-width: 461px) 100vw, 461px\" \/><\/figure>\n\n\n\n<figure class=\"wp-block-image size-large\"><img decoding=\"async\" loading=\"lazy\" width=\"1024\" height=\"768\" data-id=\"25177\"  src=\"https:\/\/sport-total.com\/schwimmen\/wp-content\/uploads\/sites\/2\/2025\/10\/IMG-20250815-WA0027-1024x768.jpg\" alt=\"\" class=\"wp-image-25177\" srcset=\"https:\/\/sport-total.com\/schwimmen\/wp-content\/uploads\/sites\/2\/2025\/10\/IMG-20250815-WA0027-1024x768.jpg 1024w, https:\/\/sport-total.com\/schwimmen\/wp-content\/uploads\/sites\/2\/2025\/10\/IMG-20250815-WA0027-300x225.jpg 300w, https:\/\/sport-total.com\/schwimmen\/wp-content\/uploads\/sites\/2\/2025\/10\/IMG-20250815-WA0027-768x576.jpg 768w, https:\/\/sport-total.com\/schwimmen\/wp-content\/uploads\/sites\/2\/2025\/10\/IMG-20250815-WA0027-1536x1152.jpg 1536w, https:\/\/sport-total.com\/schwimmen\/wp-content\/uploads\/sites\/2\/2025\/10\/IMG-20250815-WA0027.jpg 1600w\" sizes=\"(max-width: 1024px) 100vw, 1024px\" \/><\/figure>\n\n\n\n<figure class=\"wp-block-image size-large\"><img decoding=\"async\" loading=\"lazy\" width=\"768\" height=\"1024\" data-id=\"25176\"  src=\"https:\/\/sport-total.com\/schwimmen\/wp-content\/uploads\/sites\/2\/2025\/10\/IMG-20250815-WA0020-768x1024.jpg\" alt=\"\" class=\"wp-image-25176\" srcset=\"https:\/\/sport-total.com\/schwimmen\/wp-content\/uploads\/sites\/2\/2025\/10\/IMG-20250815-WA0020-768x1024.jpg 768w, https:\/\/sport-total.com\/schwimmen\/wp-content\/uploads\/sites\/2\/2025\/10\/IMG-20250815-WA0020-225x300.jpg 225w, https:\/\/sport-total.com\/schwimmen\/wp-content\/uploads\/sites\/2\/2025\/10\/IMG-20250815-WA0020-1152x1536.jpg 1152w, https:\/\/sport-total.com\/schwimmen\/wp-content\/uploads\/sites\/2\/2025\/10\/IMG-20250815-WA0020.jpg 1536w\" sizes=\"(max-width: 768px) 100vw, 768px\" \/><\/figure>\n\n\n\n<figure class=\"wp-block-image size-large\"><img decoding=\"async\" loading=\"lazy\" width=\"768\" height=\"1024\" data-id=\"25175\"  src=\"https:\/\/sport-total.com\/schwimmen\/wp-content\/uploads\/sites\/2\/2025\/10\/IMG-20250815-WA0015-768x1024.jpg\" alt=\"\" class=\"wp-image-25175\" srcset=\"https:\/\/sport-total.com\/schwimmen\/wp-content\/uploads\/sites\/2\/2025\/10\/IMG-20250815-WA0015-768x1024.jpg 768w, https:\/\/sport-total.com\/schwimmen\/wp-content\/uploads\/sites\/2\/2025\/10\/IMG-20250815-WA0015-225x300.jpg 225w, https:\/\/sport-total.com\/schwimmen\/wp-content\/uploads\/sites\/2\/2025\/10\/IMG-20250815-WA0015-1152x1536.jpg 1152w, https:\/\/sport-total.com\/schwimmen\/wp-content\/uploads\/sites\/2\/2025\/10\/IMG-20250815-WA0015.jpg 1536w\" sizes=\"(max-width: 768px) 100vw, 768px\" \/><\/figure>\n\n\n\n<figure class=\"wp-block-image size-large\"><img decoding=\"async\" loading=\"lazy\" width=\"1024\" height=\"461\" data-id=\"25173\"  src=\"https:\/\/sport-total.com\/schwimmen\/wp-content\/uploads\/sites\/2\/2025\/10\/IMG-20250815-WA0057-1024x461.jpg\" alt=\"\" class=\"wp-image-25173\" srcset=\"https:\/\/sport-total.com\/schwimmen\/wp-content\/uploads\/sites\/2\/2025\/10\/IMG-20250815-WA0057-1024x461.jpg 1024w, https:\/\/sport-total.com\/schwimmen\/wp-content\/uploads\/sites\/2\/2025\/10\/IMG-20250815-WA0057-300x135.jpg 300w, https:\/\/sport-total.com\/schwimmen\/wp-content\/uploads\/sites\/2\/2025\/10\/IMG-20250815-WA0057-768x346.jpg 768w, https:\/\/sport-total.com\/schwimmen\/wp-content\/uploads\/sites\/2\/2025\/10\/IMG-20250815-WA0057-1536x691.jpg 1536w, https:\/\/sport-total.com\/schwimmen\/wp-content\/uploads\/sites\/2\/2025\/10\/IMG-20250815-WA0057.jpg 1600w\" sizes=\"(max-width: 1024px) 100vw, 1024px\" \/><\/figure>\n<\/figure>\n","protected":false},"excerpt":{"rendered":"<p>Beim auf dem Campingplatz Kirkel j\u00e4hrlich stattfindenden Sommercamp der SPORT TOTAL Schwimm- und Tennisschule war \u2026\u2026.. NICHT (!!!) alles dabei.<\/p>\n<p>T\u00e4gliche Temperaturen um die 35\u00b0C machten den t\u00e4glichen Ausflug direkt nach nebenan zur stundenlangen Pflicht: das Kirkeler Naturfreibad samt Krake, Sprunganlage und schattigem Pl\u00e4tzchen war der wahre Inhalt.<\/p>\n","protected":false},"author":1,"featured_media":25174,"comment_status":"closed","ping_status":"closed","sticky":false,"template":"","format":"standard","meta":[],"categories":[6],"tags":[],"yoast_head":"<!-- This site is optimized with the Yoast SEO plugin v21.7 - https:\/\/yoast.com\/wordpress\/plugins\/seo\/ -->\n<title>SPORT TOTAL Sommercamp 2025 - Sport Total Schwimmschule<\/title>\n<meta name=\"robots\" content=\"index, follow, max-snippet:-1, max-image-preview:large, max-video-preview:-1\" \/>\n<link rel=\"canonical\" href=\"https:\/\/sport-total.com\/schwimmen\/sport-total-sommercamp-2025\/\" \/>\n<meta property=\"og:locale\" content=\"de_DE\" \/>\n<meta property=\"og:type\" content=\"article\" \/>\n<meta property=\"og:title\" content=\"SPORT TOTAL Sommercamp 2025 - Sport Total Schwimmschule\" \/>\n<meta property=\"og:description\" content=\"Beim auf dem Campingplatz Kirkel j\u00e4hrlich stattfindenden Sommercamp der SPORT TOTAL Schwimm- und Tennisschule war \u2026\u2026.. NICHT (!!!) alles dabei. T\u00e4gliche Temperaturen um die 35\u00b0C machten den t\u00e4glichen Ausflug direkt nach nebenan zur stundenlangen Pflicht: das Kirkeler Naturfreibad samt Krake, Sprunganlage und schattigem Pl\u00e4tzchen war der wahre Inhalt.\" \/>\n<meta property=\"og:url\" content=\"https:\/\/sport-total.com\/schwimmen\/sport-total-sommercamp-2025\/\" \/>\n<meta property=\"og:site_name\" content=\"Sport Total Schwimmschule\" \/>\n<meta property=\"article:published_time\" content=\"2025-10-12T15:19:10+00:00\" \/>\n<meta property=\"article:modified_time\" content=\"2025-10-12T15:20:01+00:00\" \/>\n<meta property=\"og:image\" content=\"https:\/\/sport-total.com\/schwimmen\/wp-content\/uploads\/sites\/2\/2025\/10\/IMG-20250815-WA0002.jpg\" \/>\n\t<meta property=\"og:image:width\" content=\"2048\" \/>\n\t<meta property=\"og:image:height\" content=\"1536\" \/>\n\t<meta property=\"og:image:type\" content=\"image\/jpeg\" \/>\n<meta name=\"author\" content=\"Marco\" \/>\n<meta name=\"twitter:card\" content=\"summary_large_image\" \/>\n<meta name=\"twitter:label1\" content=\"Verfasst von\" \/>\n\t<meta name=\"twitter:data1\" content=\"Marco\" \/>\n\t<meta name=\"twitter:label2\" content=\"Gesch\u00e4tzte Lesezeit\" \/>\n\t<meta name=\"twitter:data2\" content=\"2 Minuten\" \/>\n<script type=\"application\/ld+json\" class=\"yoast-schema-graph\">{\"@context\":\"https:\/\/schema.org\",\"@graph\":[{\"@type\":\"Article\",\"@id\":\"https:\/\/sport-total.com\/schwimmen\/sport-total-sommercamp-2025\/#article\",\"isPartOf\":{\"@id\":\"https:\/\/sport-total.com\/schwimmen\/sport-total-sommercamp-2025\/\"},\"author\":{\"name\":\"Marco\",\"@id\":\"https:\/\/sport-total.com\/schwimmen\/#\/schema\/person\/1ac5b616100704dd9a4142a96c04d2f6\"},\"headline\":\"SPORT TOTAL Sommercamp 2025\",\"datePublished\":\"2025-10-12T15:19:10+00:00\",\"dateModified\":\"2025-10-12T15:20:01+00:00\",\"mainEntityOfPage\":{\"@id\":\"https:\/\/sport-total.com\/schwimmen\/sport-total-sommercamp-2025\/\"},\"wordCount\":317,\"publisher\":{\"@id\":\"https:\/\/sport-total.com\/schwimmen\/#organization\"},\"articleSection\":[\"Blog\"],\"inLanguage\":\"de-DE\"},{\"@type\":\"WebPage\",\"@id\":\"https:\/\/sport-total.com\/schwimmen\/sport-total-sommercamp-2025\/\",\"url\":\"https:\/\/sport-total.com\/schwimmen\/sport-total-sommercamp-2025\/\",\"name\":\"SPORT TOTAL Sommercamp 2025 - Sport Total Schwimmschule\",\"isPartOf\":{\"@id\":\"https:\/\/sport-total.com\/schwimmen\/#website\"},\"datePublished\":\"2025-10-12T15:19:10+00:00\",\"dateModified\":\"2025-10-12T15:20:01+00:00\",\"breadcrumb\":{\"@id\":\"https:\/\/sport-total.com\/schwimmen\/sport-total-sommercamp-2025\/#breadcrumb\"},\"inLanguage\":\"de-DE\",\"potentialAction\":[{\"@type\":\"ReadAction\",\"target\":[\"https:\/\/sport-total.com\/schwimmen\/sport-total-sommercamp-2025\/\"]}]},{\"@type\":\"BreadcrumbList\",\"@id\":\"https:\/\/sport-total.com\/schwimmen\/sport-total-sommercamp-2025\/#breadcrumb\",\"itemListElement\":[{\"@type\":\"ListItem\",\"position\":1,\"name\":\"Startseite\",\"item\":\"https:\/\/sport-total.com\/schwimmen\/\"},{\"@type\":\"ListItem\",\"position\":2,\"name\":\"SPORT TOTAL Sommercamp 2025\"}]},{\"@type\":\"WebSite\",\"@id\":\"https:\/\/sport-total.com\/schwimmen\/#website\",\"url\":\"https:\/\/sport-total.com\/schwimmen\/\",\"name\":\"Sport Total Schwimmschule\",\"description\":\"Alles rund ums Schwimmen!\",\"publisher\":{\"@id\":\"https:\/\/sport-total.com\/schwimmen\/#organization\"},\"potentialAction\":[{\"@type\":\"SearchAction\",\"target\":{\"@type\":\"EntryPoint\",\"urlTemplate\":\"https:\/\/sport-total.com\/schwimmen\/?s={search_term_string}\"},\"query-input\":\"required name=search_term_string\"}],\"inLanguage\":\"de-DE\"},{\"@type\":\"Organization\",\"@id\":\"https:\/\/sport-total.com\/schwimmen\/#organization\",\"name\":\"Sport Total\",\"url\":\"https:\/\/sport-total.com\/schwimmen\/\",\"logo\":{\"@type\":\"ImageObject\",\"inLanguage\":\"de-DE\",\"@id\":\"https:\/\/sport-total.com\/schwimmen\/#\/schema\/logo\/image\/\",\"url\":\"https:\/\/sport-total.com\/schwimmen\/wp-content\/uploads\/sites\/2\/2017\/06\/Logo_Sport_Total.png\",\"contentUrl\":\"https:\/\/sport-total.com\/schwimmen\/wp-content\/uploads\/sites\/2\/2017\/06\/Logo_Sport_Total.png\",\"width\":2000,\"height\":995,\"caption\":\"Sport Total\"},\"image\":{\"@id\":\"https:\/\/sport-total.com\/schwimmen\/#\/schema\/logo\/image\/\"}},{\"@type\":\"Person\",\"@id\":\"https:\/\/sport-total.com\/schwimmen\/#\/schema\/person\/1ac5b616100704dd9a4142a96c04d2f6\",\"name\":\"Marco\",\"image\":{\"@type\":\"ImageObject\",\"inLanguage\":\"de-DE\",\"@id\":\"https:\/\/sport-total.com\/schwimmen\/#\/schema\/person\/image\/\",\"url\":\"https:\/\/secure.gravatar.com\/avatar\/ab229ac9467da895ada4acaf680795f0?s=96&d=mm&r=g\",\"contentUrl\":\"https:\/\/secure.gravatar.com\/avatar\/ab229ac9467da895ada4acaf680795f0?s=96&d=mm&r=g\",\"caption\":\"Marco\"}}]}<\/script>\n<!-- \/ Yoast SEO plugin. -->","yoast_head_json":{"title":"SPORT TOTAL Sommercamp 2025 - Sport Total Schwimmschule","robots":{"index":"index","follow":"follow","max-snippet":"max-snippet:-1","max-image-preview":"max-image-preview:large","max-video-preview":"max-video-preview:-1"},"canonical":"https:\/\/sport-total.com\/schwimmen\/sport-total-sommercamp-2025\/","og_locale":"de_DE","og_type":"article","og_title":"SPORT TOTAL Sommercamp 2025 - Sport Total Schwimmschule","og_description":"Beim auf dem Campingplatz Kirkel j\u00e4hrlich stattfindenden Sommercamp der SPORT TOTAL Schwimm- und Tennisschule war \u2026\u2026.. NICHT (!!!) alles dabei. T\u00e4gliche Temperaturen um die 35\u00b0C machten den t\u00e4glichen Ausflug direkt nach nebenan zur stundenlangen Pflicht: das Kirkeler Naturfreibad samt Krake, Sprunganlage und schattigem Pl\u00e4tzchen war der wahre Inhalt.","og_url":"https:\/\/sport-total.com\/schwimmen\/sport-total-sommercamp-2025\/","og_site_name":"Sport Total Schwimmschule","article_published_time":"2025-10-12T15:19:10+00:00","article_modified_time":"2025-10-12T15:20:01+00:00","og_image":[{"width":2048,"height":1536,"url":"https:\/\/sport-total.com\/schwimmen\/wp-content\/uploads\/sites\/2\/2025\/10\/IMG-20250815-WA0002.jpg","type":"image\/jpeg"}],"author":"Marco","twitter_card":"summary_large_image","twitter_misc":{"Verfasst von":"Marco","Gesch\u00e4tzte Lesezeit":"2 Minuten"},"schema":{"@context":"https:\/\/schema.org","@graph":[{"@type":"Article","@id":"https:\/\/sport-total.com\/schwimmen\/sport-total-sommercamp-2025\/#article","isPartOf":{"@id":"https:\/\/sport-total.com\/schwimmen\/sport-total-sommercamp-2025\/"},"author":{"name":"Marco","@id":"https:\/\/sport-total.com\/schwimmen\/#\/schema\/person\/1ac5b616100704dd9a4142a96c04d2f6"},"headline":"SPORT TOTAL Sommercamp 2025","datePublished":"2025-10-12T15:19:10+00:00","dateModified":"2025-10-12T15:20:01+00:00","mainEntityOfPage":{"@id":"https:\/\/sport-total.com\/schwimmen\/sport-total-sommercamp-2025\/"},"wordCount":317,"publisher":{"@id":"https:\/\/sport-total.com\/schwimmen\/#organization"},"articleSection":["Blog"],"inLanguage":"de-DE"},{"@type":"WebPage","@id":"https:\/\/sport-total.com\/schwimmen\/sport-total-sommercamp-2025\/","url":"https:\/\/sport-total.com\/schwimmen\/sport-total-sommercamp-2025\/","name":"SPORT TOTAL Sommercamp 2025 - Sport Total Schwimmschule","isPartOf":{"@id":"https:\/\/sport-total.com\/schwimmen\/#website"},"datePublished":"2025-10-12T15:19:10+00:00","dateModified":"2025-10-12T15:20:01+00:00","breadcrumb":{"@id":"https:\/\/sport-total.com\/schwimmen\/sport-total-sommercamp-2025\/#breadcrumb"},"inLanguage":"de-DE","potentialAction":[{"@type":"ReadAction","target":["https:\/\/sport-total.com\/schwimmen\/sport-total-sommercamp-2025\/"]}]},{"@type":"BreadcrumbList","@id":"https:\/\/sport-total.com\/schwimmen\/sport-total-sommercamp-2025\/#breadcrumb","itemListElement":[{"@type":"ListItem","position":1,"name":"Startseite","item":"https:\/\/sport-total.com\/schwimmen\/"},{"@type":"ListItem","position":2,"name":"SPORT TOTAL Sommercamp 2025"}]},{"@type":"WebSite","@id":"https:\/\/sport-total.com\/schwimmen\/#website","url":"https:\/\/sport-total.com\/schwimmen\/","name":"Sport Total Schwimmschule","description":"Alles rund ums Schwimmen!","publisher":{"@id":"https:\/\/sport-total.com\/schwimmen\/#organization"},"potentialAction":[{"@type":"SearchAction","target":{"@type":"EntryPoint","urlTemplate":"https:\/\/sport-total.com\/schwimmen\/?s={search_term_string}"},"query-input":"required name=search_term_string"}],"inLanguage":"de-DE"},{"@type":"Organization","@id":"https:\/\/sport-total.com\/schwimmen\/#organization","name":"Sport Total","url":"https:\/\/sport-total.com\/schwimmen\/","logo":{"@type":"ImageObject","inLanguage":"de-DE","@id":"https:\/\/sport-total.com\/schwimmen\/#\/schema\/logo\/image\/","url":"https:\/\/sport-total.com\/schwimmen\/wp-content\/uploads\/sites\/2\/2017\/06\/Logo_Sport_Total.png","contentUrl":"https:\/\/sport-total.com\/schwimmen\/wp-content\/uploads\/sites\/2\/2017\/06\/Logo_Sport_Total.png","width":2000,"height":995,"caption":"Sport Total"},"image":{"@id":"https:\/\/sport-total.com\/schwimmen\/#\/schema\/logo\/image\/"}},{"@type":"Person","@id":"https:\/\/sport-total.com\/schwimmen\/#\/schema\/person\/1ac5b616100704dd9a4142a96c04d2f6","name":"Marco","image":{"@type":"ImageObject","inLanguage":"de-DE","@id":"https:\/\/sport-total.com\/schwimmen\/#\/schema\/person\/image\/","url":"https:\/\/secure.gravatar.com\/avatar\/ab229ac9467da895ada4acaf680795f0?s=96&d=mm&r=g","contentUrl":"https:\/\/secure.gravatar.com\/avatar\/ab229ac9467da895ada4acaf680795f0?s=96&d=mm&r=g","caption":"Marco"}}]}},"_links":{"self":[{"href":"https:\/\/sport-total.com\/schwimmen\/wp-json\/wp\/v2\/posts\/25172"}],"collection":[{"href":"https:\/\/sport-total.com\/schwimmen\/wp-json\/wp\/v2\/posts"}],"about":[{"href":"https:\/\/sport-total.com\/schwimmen\/wp-json\/wp\/v2\/types\/post"}],"author":[{"embeddable":true,"href":"https:\/\/sport-total.com\/schwimmen\/wp-json\/wp\/v2\/users\/1"}],"replies":[{"embeddable":true,"href":"https:\/\/sport-total.com\/schwimmen\/wp-json\/wp\/v2\/comments?post=25172"}],"version-history":[{"count":2,"href":"https:\/\/sport-total.com\/schwimmen\/wp-json\/wp\/v2\/posts\/25172\/revisions"}],"predecessor-version":[{"id":25180,"href":"https:\/\/sport-total.com\/schwimmen\/wp-json\/wp\/v2\/posts\/25172\/revisions\/25180"}],"wp:featuredmedia":[{"embeddable":true,"href":"https:\/\/sport-total.com\/schwimmen\/wp-json\/wp\/v2\/media\/25174"}],"wp:attachment":[{"href":"https:\/\/sport-total.com\/schwimmen\/wp-json\/wp\/v2\/media?parent=25172"}],"wp:term":[{"taxonomy":"category","embeddable":true,"href":"https:\/\/sport-total.com\/schwimmen\/wp-json\/wp\/v2\/categories?post=25172"},{"taxonomy":"post_tag","embeddable":true,"href":"https:\/\/sport-total.com\/schwimmen\/wp-json\/wp\/v2\/tags?post=25172"}],"curies":[{"name":"wp","href":"https:\/\/api.w.org\/{rel}","templated":true}]}}