{"id":1240,"date":"2020-07-04T17:55:54","date_gmt":"2020-07-04T15:55:54","guid":{"rendered":"https:\/\/sport-total.com\/schwimmen\/?p=1240"},"modified":"2020-07-04T17:55:56","modified_gmt":"2020-07-04T15:55:56","slug":"freibad-des-koi-ab-6-7-wieder-geoeffnet","status":"publish","type":"post","link":"https:\/\/sport-total.com\/schwimmen\/freibad-des-koi-ab-6-7-wieder-geoeffnet\/","title":{"rendered":"Freibad des Koi ab 6.7 wieder ge\u00f6ffnet"},"content":{"rendered":"\n<p>Liebe Kunden und Interessierte,<\/p>\n\n\n\n<p>Ab\n Montag, 6.7., \u00f6ffnet das Freibad des Koi unter deutlich ge\u00e4nderten \nBedingungen. Wir arbeiten mit Hochdruck an einem zeitnah beginnenden \nKursprogramm im Freibad, das in den n\u00e4chsten Tagen hier eingestellt \nwerden wird. <\/p>\n\n\n\n<p>Ihr und Euer SPORT TOTAL Team<\/p>\n","protected":false},"excerpt":{"rendered":"<p>Liebe Kunden und Interessierte, Ab Montag, 6.7., \u00f6ffnet das Freibad des Koi unter deutlich ge\u00e4nderten Bedingungen. Wir arbeiten mit Hochdruck an einem zeitnah beginnenden Kursprogramm im Freibad, das in den n\u00e4chsten Tagen hier eingestellt werden wird. Ihr und Euer SPORT TOTAL Team<\/p>\n","protected":false},"author":1,"featured_media":590,"comment_status":"closed","ping_status":"closed","sticky":false,"template":"","format":"standard","meta":[],"categories":[6],"tags":[],"yoast_head":"<!-- This site is optimized with the Yoast SEO plugin v21.7 - https:\/\/yoast.com\/wordpress\/plugins\/seo\/ -->\n<title>Freibad des Koi ab 6.7 wieder ge\u00f6ffnet - Sport Total Schwimmschule<\/title>\n<meta name=\"robots\" content=\"index, follow, max-snippet:-1, max-image-preview:large, max-video-preview:-1\" \/>\n<link rel=\"canonical\" href=\"https:\/\/sport-total.com\/schwimmen\/freibad-des-koi-ab-6-7-wieder-geoeffnet\/\" \/>\n<meta property=\"og:locale\" content=\"de_DE\" \/>\n<meta property=\"og:type\" content=\"article\" \/>\n<meta property=\"og:title\" content=\"Freibad des Koi ab 6.7 wieder ge\u00f6ffnet - Sport Total Schwimmschule\" \/>\n<meta property=\"og:description\" content=\"Liebe Kunden und Interessierte, Ab Montag, 6.7., \u00f6ffnet das Freibad des Koi unter deutlich ge\u00e4nderten Bedingungen. Wir arbeiten mit Hochdruck an einem zeitnah beginnenden Kursprogramm im Freibad, das in den n\u00e4chsten Tagen hier eingestellt werden wird. Ihr und Euer SPORT TOTAL Team\" \/>\n<meta property=\"og:url\" content=\"https:\/\/sport-total.com\/schwimmen\/freibad-des-koi-ab-6-7-wieder-geoeffnet\/\" \/>\n<meta property=\"og:site_name\" content=\"Sport Total Schwimmschule\" \/>\n<meta property=\"article:published_time\" content=\"2020-07-04T15:55:54+00:00\" \/>\n<meta property=\"article:modified_time\" content=\"2020-07-04T15:55:56+00:00\" \/>\n<meta property=\"og:image\" content=\"https:\/\/sport-total.com\/schwimmen\/wp-content\/uploads\/sites\/2\/2018\/03\/Koi_Logo.jpg\" \/>\n\t<meta property=\"og:image:width\" content=\"1603\" \/>\n\t<meta property=\"og:image:height\" content=\"2064\" \/>\n\t<meta property=\"og:image:type\" content=\"image\/jpeg\" \/>\n<meta name=\"author\" content=\"Marco\" \/>\n<meta name=\"twitter:card\" content=\"summary_large_image\" \/>\n<meta name=\"twitter:label1\" content=\"Verfasst von\" \/>\n\t<meta name=\"twitter:data1\" content=\"Marco\" \/>\n<script type=\"application\/ld+json\" class=\"yoast-schema-graph\">{\"@context\":\"https:\/\/schema.org\",\"@graph\":[{\"@type\":\"Article\",\"@id\":\"https:\/\/sport-total.com\/schwimmen\/freibad-des-koi-ab-6-7-wieder-geoeffnet\/#article\",\"isPartOf\":{\"@id\":\"https:\/\/sport-total.com\/schwimmen\/freibad-des-koi-ab-6-7-wieder-geoeffnet\/\"},\"author\":{\"name\":\"Marco\",\"@id\":\"https:\/\/sport-total.com\/schwimmen\/#\/schema\/person\/1ac5b616100704dd9a4142a96c04d2f6\"},\"headline\":\"Freibad des Koi ab 6.7 wieder ge\u00f6ffnet\",\"datePublished\":\"2020-07-04T15:55:54+00:00\",\"dateModified\":\"2020-07-04T15:55:56+00:00\",\"mainEntityOfPage\":{\"@id\":\"https:\/\/sport-total.com\/schwimmen\/freibad-des-koi-ab-6-7-wieder-geoeffnet\/\"},\"wordCount\":50,\"publisher\":{\"@id\":\"https:\/\/sport-total.com\/schwimmen\/#organization\"},\"articleSection\":[\"Blog\"],\"inLanguage\":\"de-DE\"},{\"@type\":\"WebPage\",\"@id\":\"https:\/\/sport-total.com\/schwimmen\/freibad-des-koi-ab-6-7-wieder-geoeffnet\/\",\"url\":\"https:\/\/sport-total.com\/schwimmen\/freibad-des-koi-ab-6-7-wieder-geoeffnet\/\",\"name\":\"Freibad des Koi ab 6.7 wieder ge\u00f6ffnet - Sport Total Schwimmschule\",\"isPartOf\":{\"@id\":\"https:\/\/sport-total.com\/schwimmen\/#website\"},\"datePublished\":\"2020-07-04T15:55:54+00:00\",\"dateModified\":\"2020-07-04T15:55:56+00:00\",\"breadcrumb\":{\"@id\":\"https:\/\/sport-total.com\/schwimmen\/freibad-des-koi-ab-6-7-wieder-geoeffnet\/#breadcrumb\"},\"inLanguage\":\"de-DE\",\"potentialAction\":[{\"@type\":\"ReadAction\",\"target\":[\"https:\/\/sport-total.com\/schwimmen\/freibad-des-koi-ab-6-7-wieder-geoeffnet\/\"]}]},{\"@type\":\"BreadcrumbList\",\"@id\":\"https:\/\/sport-total.com\/schwimmen\/freibad-des-koi-ab-6-7-wieder-geoeffnet\/#breadcrumb\",\"itemListElement\":[{\"@type\":\"ListItem\",\"position\":1,\"name\":\"Startseite\",\"item\":\"https:\/\/sport-total.com\/schwimmen\/\"},{\"@type\":\"ListItem\",\"position\":2,\"name\":\"Freibad des Koi ab 6.7 wieder ge\u00f6ffnet\"}]},{\"@type\":\"WebSite\",\"@id\":\"https:\/\/sport-total.com\/schwimmen\/#website\",\"url\":\"https:\/\/sport-total.com\/schwimmen\/\",\"name\":\"Sport Total Schwimmschule\",\"description\":\"Alles rund ums Schwimmen!\",\"publisher\":{\"@id\":\"https:\/\/sport-total.com\/schwimmen\/#organization\"},\"potentialAction\":[{\"@type\":\"SearchAction\",\"target\":{\"@type\":\"EntryPoint\",\"urlTemplate\":\"https:\/\/sport-total.com\/schwimmen\/?s={search_term_string}\"},\"query-input\":\"required name=search_term_string\"}],\"inLanguage\":\"de-DE\"},{\"@type\":\"Organization\",\"@id\":\"https:\/\/sport-total.com\/schwimmen\/#organization\",\"name\":\"Sport Total\",\"url\":\"https:\/\/sport-total.com\/schwimmen\/\",\"logo\":{\"@type\":\"ImageObject\",\"inLanguage\":\"de-DE\",\"@id\":\"https:\/\/sport-total.com\/schwimmen\/#\/schema\/logo\/image\/\",\"url\":\"https:\/\/sport-total.com\/schwimmen\/wp-content\/uploads\/sites\/2\/2017\/06\/Logo_Sport_Total.png\",\"contentUrl\":\"https:\/\/sport-total.com\/schwimmen\/wp-content\/uploads\/sites\/2\/2017\/06\/Logo_Sport_Total.png\",\"width\":2000,\"height\":995,\"caption\":\"Sport Total\"},\"image\":{\"@id\":\"https:\/\/sport-total.com\/schwimmen\/#\/schema\/logo\/image\/\"}},{\"@type\":\"Person\",\"@id\":\"https:\/\/sport-total.com\/schwimmen\/#\/schema\/person\/1ac5b616100704dd9a4142a96c04d2f6\",\"name\":\"Marco\",\"image\":{\"@type\":\"ImageObject\",\"inLanguage\":\"de-DE\",\"@id\":\"https:\/\/sport-total.com\/schwimmen\/#\/schema\/person\/image\/\",\"url\":\"https:\/\/secure.gravatar.com\/avatar\/ab229ac9467da895ada4acaf680795f0?s=96&d=mm&r=g\",\"contentUrl\":\"https:\/\/secure.gravatar.com\/avatar\/ab229ac9467da895ada4acaf680795f0?s=96&d=mm&r=g\",\"caption\":\"Marco\"}}]}<\/script>\n<!-- \/ Yoast SEO plugin. -->","yoast_head_json":{"title":"Freibad des Koi ab 6.7 wieder ge\u00f6ffnet - Sport Total Schwimmschule","robots":{"index":"index","follow":"follow","max-snippet":"max-snippet:-1","max-image-preview":"max-image-preview:large","max-video-preview":"max-video-preview:-1"},"canonical":"https:\/\/sport-total.com\/schwimmen\/freibad-des-koi-ab-6-7-wieder-geoeffnet\/","og_locale":"de_DE","og_type":"article","og_title":"Freibad des Koi ab 6.7 wieder ge\u00f6ffnet - Sport Total Schwimmschule","og_description":"Liebe Kunden und Interessierte, Ab Montag, 6.7., \u00f6ffnet das Freibad des Koi unter deutlich ge\u00e4nderten Bedingungen. Wir arbeiten mit Hochdruck an einem zeitnah beginnenden Kursprogramm im Freibad, das in den n\u00e4chsten Tagen hier eingestellt werden wird. Ihr und Euer SPORT TOTAL Team","og_url":"https:\/\/sport-total.com\/schwimmen\/freibad-des-koi-ab-6-7-wieder-geoeffnet\/","og_site_name":"Sport Total Schwimmschule","article_published_time":"2020-07-04T15:55:54+00:00","article_modified_time":"2020-07-04T15:55:56+00:00","og_image":[{"width":1603,"height":2064,"url":"https:\/\/sport-total.com\/schwimmen\/wp-content\/uploads\/sites\/2\/2018\/03\/Koi_Logo.jpg","type":"image\/jpeg"}],"author":"Marco","twitter_card":"summary_large_image","twitter_misc":{"Verfasst von":"Marco"},"schema":{"@context":"https:\/\/schema.org","@graph":[{"@type":"Article","@id":"https:\/\/sport-total.com\/schwimmen\/freibad-des-koi-ab-6-7-wieder-geoeffnet\/#article","isPartOf":{"@id":"https:\/\/sport-total.com\/schwimmen\/freibad-des-koi-ab-6-7-wieder-geoeffnet\/"},"author":{"name":"Marco","@id":"https:\/\/sport-total.com\/schwimmen\/#\/schema\/person\/1ac5b616100704dd9a4142a96c04d2f6"},"headline":"Freibad des Koi ab 6.7 wieder ge\u00f6ffnet","datePublished":"2020-07-04T15:55:54+00:00","dateModified":"2020-07-04T15:55:56+00:00","mainEntityOfPage":{"@id":"https:\/\/sport-total.com\/schwimmen\/freibad-des-koi-ab-6-7-wieder-geoeffnet\/"},"wordCount":50,"publisher":{"@id":"https:\/\/sport-total.com\/schwimmen\/#organization"},"articleSection":["Blog"],"inLanguage":"de-DE"},{"@type":"WebPage","@id":"https:\/\/sport-total.com\/schwimmen\/freibad-des-koi-ab-6-7-wieder-geoeffnet\/","url":"https:\/\/sport-total.com\/schwimmen\/freibad-des-koi-ab-6-7-wieder-geoeffnet\/","name":"Freibad des Koi ab 6.7 wieder ge\u00f6ffnet - Sport Total Schwimmschule","isPartOf":{"@id":"https:\/\/sport-total.com\/schwimmen\/#website"},"datePublished":"2020-07-04T15:55:54+00:00","dateModified":"2020-07-04T15:55:56+00:00","breadcrumb":{"@id":"https:\/\/sport-total.com\/schwimmen\/freibad-des-koi-ab-6-7-wieder-geoeffnet\/#breadcrumb"},"inLanguage":"de-DE","potentialAction":[{"@type":"ReadAction","target":["https:\/\/sport-total.com\/schwimmen\/freibad-des-koi-ab-6-7-wieder-geoeffnet\/"]}]},{"@type":"BreadcrumbList","@id":"https:\/\/sport-total.com\/schwimmen\/freibad-des-koi-ab-6-7-wieder-geoeffnet\/#breadcrumb","itemListElement":[{"@type":"ListItem","position":1,"name":"Startseite","item":"https:\/\/sport-total.com\/schwimmen\/"},{"@type":"ListItem","position":2,"name":"Freibad des Koi ab 6.7 wieder ge\u00f6ffnet"}]},{"@type":"WebSite","@id":"https:\/\/sport-total.com\/schwimmen\/#website","url":"https:\/\/sport-total.com\/schwimmen\/","name":"Sport Total Schwimmschule","description":"Alles rund ums Schwimmen!","publisher":{"@id":"https:\/\/sport-total.com\/schwimmen\/#organization"},"potentialAction":[{"@type":"SearchAction","target":{"@type":"EntryPoint","urlTemplate":"https:\/\/sport-total.com\/schwimmen\/?s={search_term_string}"},"query-input":"required name=search_term_string"}],"inLanguage":"de-DE"},{"@type":"Organization","@id":"https:\/\/sport-total.com\/schwimmen\/#organization","name":"Sport Total","url":"https:\/\/sport-total.com\/schwimmen\/","logo":{"@type":"ImageObject","inLanguage":"de-DE","@id":"https:\/\/sport-total.com\/schwimmen\/#\/schema\/logo\/image\/","url":"https:\/\/sport-total.com\/schwimmen\/wp-content\/uploads\/sites\/2\/2017\/06\/Logo_Sport_Total.png","contentUrl":"https:\/\/sport-total.com\/schwimmen\/wp-content\/uploads\/sites\/2\/2017\/06\/Logo_Sport_Total.png","width":2000,"height":995,"caption":"Sport Total"},"image":{"@id":"https:\/\/sport-total.com\/schwimmen\/#\/schema\/logo\/image\/"}},{"@type":"Person","@id":"https:\/\/sport-total.com\/schwimmen\/#\/schema\/person\/1ac5b616100704dd9a4142a96c04d2f6","name":"Marco","image":{"@type":"ImageObject","inLanguage":"de-DE","@id":"https:\/\/sport-total.com\/schwimmen\/#\/schema\/person\/image\/","url":"https:\/\/secure.gravatar.com\/avatar\/ab229ac9467da895ada4acaf680795f0?s=96&d=mm&r=g","contentUrl":"https:\/\/secure.gravatar.com\/avatar\/ab229ac9467da895ada4acaf680795f0?s=96&d=mm&r=g","caption":"Marco"}}]}},"_links":{"self":[{"href":"https:\/\/sport-total.com\/schwimmen\/wp-json\/wp\/v2\/posts\/1240"}],"collection":[{"href":"https:\/\/sport-total.com\/schwimmen\/wp-json\/wp\/v2\/posts"}],"about":[{"href":"https:\/\/sport-total.com\/schwimmen\/wp-json\/wp\/v2\/types\/post"}],"author":[{"embeddable":true,"href":"https:\/\/sport-total.com\/schwimmen\/wp-json\/wp\/v2\/users\/1"}],"replies":[{"embeddable":true,"href":"https:\/\/sport-total.com\/schwimmen\/wp-json\/wp\/v2\/comments?post=1240"}],"version-history":[{"count":1,"href":"https:\/\/sport-total.com\/schwimmen\/wp-json\/wp\/v2\/posts\/1240\/revisions"}],"predecessor-version":[{"id":1241,"href":"https:\/\/sport-total.com\/schwimmen\/wp-json\/wp\/v2\/posts\/1240\/revisions\/1241"}],"wp:featuredmedia":[{"embeddable":true,"href":"https:\/\/sport-total.com\/schwimmen\/wp-json\/wp\/v2\/media\/590"}],"wp:attachment":[{"href":"https:\/\/sport-total.com\/schwimmen\/wp-json\/wp\/v2\/media?parent=1240"}],"wp:term":[{"taxonomy":"category","embeddable":true,"href":"https:\/\/sport-total.com\/schwimmen\/wp-json\/wp\/v2\/categories?post=1240"},{"taxonomy":"post_tag","embeddable":true,"href":"https:\/\/sport-total.com\/schwimmen\/wp-json\/wp\/v2\/tags?post=1240"}],"curies":[{"name":"wp","href":"https:\/\/api.w.org\/{rel}","templated":true}]}}