{"id":11665,"date":"2025-06-09T23:01:06","date_gmt":"2025-06-09T21:01:06","guid":{"rendered":"https:\/\/sport-total.com\/schwimmen\/?p=11665"},"modified":"2025-06-10T10:50:54","modified_gmt":"2025-06-10T08:50:54","slug":"sommercamp-11-14-08-2025","status":"publish","type":"post","link":"https:\/\/sport-total.com\/schwimmen\/sommercamp-11-14-08-2025\/","title":{"rendered":"SOMMERCAMP 11.-14.08.2025"},"content":{"rendered":"\n<p>Wir zelten auf dem wundersch\u00f6nen  Campingplatz in Kirkel. Burgfr\u00e4ulein und Ritter k\u00f6nnen sich t\u00e4glich im  Naturfreibad tummeln, wir gehen zu den Kirkeler Kletterfelsen und zur Burg, erkunden den Wald, bauen vielleicht eine Waldh\u00fctte. Stockbrot, Hexenfeuer, Kerzenschein und Sternez\u00e4hlen, Schminken, Kicken, Radtour, Schnitzeljagd, Basteln\u2026..unser Ideenfundus ist unendlich!<\/p>\n\n\n\n<div class=\"wp-block-media-text alignwide has-media-on-the-right is-stacked-on-mobile has-background\" style=\"background-color:#2e3192\"><div class=\"wp-block-media-text__content\">\n<p class=\"has-white-color has-text-color\">Wer: SPORT TOTAL Kinder zwischen 6 und 14 Jahren, Voraussetzung: Seepferdchen und Erfahrung im \u201ewoanders\u00fcbernachten\u201c \/ mal im Zelt geschlafen haben<\/p>\n\n\n\n<p class=\"has-white-color has-text-color\">Wann: Montag, 11.08.25 10 Uhr bis Donnerstag, 14.08.25, 17.00 Uhr<\/p>\n\n\n\n<p class=\"has-white-color has-text-color\">Wo: Campingplatz Kirkel<\/p>\n\n\n\n<p class=\"has-white-color has-text-color\">Kosten: 210\u20ac, Geschwisterkind: 195\u20ac, incl. Ferien-T-Shirt <\/p>\n\n\n\n<p class=\"has-white-color has-text-color\">Betreuer: SPORT TOTAL Team <\/p>\n\n\n\n<p class=\"has-white-color has-text-color\">Info: 06849\/91481, info@sport-total.com <\/p>\n\n\n\n<p class=\"has-white-color has-text-color\">Meldeschluss: 21.06.25 bzw. bei Erreichen max. Teilnehmerzahl<\/p>\n\n\n\n<p class=\"has-white-color has-text-color\">Nach eingereichter Anmeldung und Meldeschlu\u00df bekommt Ihr weitere Infos per Mail\/Post.<\/p>\n\n\n\n<p class=\"has-text-color\" style=\"color:#ffffff\">Bitte unbedingt Konto beachten:<br> SPORT TOTAL FREIZEIT DE 53 5945 0010 1030 1236 55<\/p>\n\n\n\n<p class=\"has-white-color has-text-color\">Stornierung bis 04.07. mit 50% Eigenanteil, bis 03.08. 80% Eigenanteil<\/p>\n<\/div><figure class=\"wp-block-media-text__media\"><img decoding=\"async\" loading=\"lazy\" width=\"768\" height=\"1024\" src=\"https:\/\/sport-total.com\/schwimmen\/wp-content\/uploads\/sites\/2\/2019\/09\/t\u00fcrme-768x1024.jpg\" alt=\"\" class=\"wp-image-1062 size-full\" srcset=\"https:\/\/sport-total.com\/schwimmen\/wp-content\/uploads\/sites\/2\/2019\/09\/t\u00fcrme-768x1024.jpg 768w, https:\/\/sport-total.com\/schwimmen\/wp-content\/uploads\/sites\/2\/2019\/09\/t\u00fcrme-225x300.jpg 225w, https:\/\/sport-total.com\/schwimmen\/wp-content\/uploads\/sites\/2\/2019\/09\/t\u00fcrme.jpg 2000w\" sizes=\"(max-width: 768px) 100vw, 768px\" \/><\/figure><\/div>\n\n\n\n<div class=\"wp-block-contact-form-7-contact-form-selector\">\n<div class=\"wpcf7 no-js\" id=\"wpcf7-f830-o1\" lang=\"de-DE\" dir=\"ltr\">\n<div class=\"screen-reader-response\"><p role=\"status\" aria-live=\"polite\" aria-atomic=\"true\"><\/p> <ul><\/ul><\/div>\n<form action=\"\/schwimmen\/wp-json\/wp\/v2\/posts\/11665#wpcf7-f830-o1\" method=\"post\" class=\"wpcf7-form init wpcf7-acceptance-as-validation\" aria-label=\"Kontaktformular\" novalidate=\"novalidate\" data-status=\"init\">\n<div style=\"display: none;\">\n<input type=\"hidden\" name=\"_wpcf7\" value=\"830\" \/>\n<input type=\"hidden\" name=\"_wpcf7_version\" value=\"5.8.5\" \/>\n<input type=\"hidden\" name=\"_wpcf7_locale\" value=\"de_DE\" \/>\n<input type=\"hidden\" name=\"_wpcf7_unit_tag\" value=\"wpcf7-f830-o1\" \/>\n<input type=\"hidden\" name=\"_wpcf7_container_post\" value=\"0\" \/>\n<input type=\"hidden\" name=\"_wpcf7_posted_data_hash\" value=\"\" \/>\n<\/div>\n<div class=\"vc_row\">\n\t<div class=\"col-md-6\">\n\t\t<p><label> Name, Vorname des Teilnehmers*<br \/>\n<span class=\"wpcf7-form-control-wrap\" data-name=\"teilnehmer\"><input size=\"40\" class=\"wpcf7-form-control wpcf7-text wpcf7-validates-as-required\" aria-required=\"true\" aria-invalid=\"false\" value=\"\" type=\"text\" name=\"teilnehmer\" \/><\/span> <\/label>\n\t\t<\/p>\n\t<\/div>\n\t<div class=\"col-md-6\">\n\t\t<p><label> Geburtsdatum*<br \/>\n<span class=\"wpcf7-form-control-wrap\" data-name=\"geburtsdatum\"><input size=\"40\" class=\"wpcf7-form-control wpcf7-text wpcf7-validates-as-required\" aria-required=\"true\" aria-invalid=\"false\" value=\"\" type=\"text\" name=\"geburtsdatum\" \/><\/span> <\/label>\n\t\t<\/p>\n\t<\/div>\n\t<div class=\"col-md-6\">\n\t\t<p><label> Stra\u00dfe*<br \/>\n<span class=\"wpcf7-form-control-wrap\" data-name=\"strasse\"><input size=\"40\" class=\"wpcf7-form-control wpcf7-text wpcf7-validates-as-required\" aria-required=\"true\" aria-invalid=\"false\" value=\"\" type=\"text\" name=\"strasse\" \/><\/span> <\/label>\n\t\t<\/p>\n\t<\/div>\n\t<div class=\"col-md-6\">\n\t\t<p><label> PLZ., Ort*<br \/>\n<span class=\"wpcf7-form-control-wrap\" data-name=\"ort\"><input size=\"40\" class=\"wpcf7-form-control wpcf7-text wpcf7-validates-as-required\" aria-required=\"true\" aria-invalid=\"false\" value=\"\" type=\"text\" name=\"ort\" \/><\/span> <\/label>\n\t\t<\/p>\n\t<\/div>\n\t<div class=\"col-md-6\">\n\t\t<p><label> Telefon vormittags*<br \/>\n<span class=\"wpcf7-form-control-wrap\" data-name=\"telefon\"><input size=\"40\" class=\"wpcf7-form-control wpcf7-tel wpcf7-validates-as-required wpcf7-text wpcf7-validates-as-tel\" aria-required=\"true\" aria-invalid=\"false\" value=\"\" type=\"tel\" name=\"telefon\" \/><\/span> <\/label>\n\t\t<\/p>\n\t<\/div>\n\t<div class=\"col-md-6\">\n\t\t<p><label> Ihre E-Mail-Adresse*<br \/>\n<span class=\"wpcf7-form-control-wrap\" data-name=\"email\"><input size=\"40\" class=\"wpcf7-form-control wpcf7-email wpcf7-validates-as-required wpcf7-text wpcf7-validates-as-email\" aria-required=\"true\" aria-invalid=\"false\" value=\"\" type=\"email\" name=\"email\" \/><\/span> <\/label>\n\t\t<\/p>\n\t<\/div>\n\t<div class=\"col-md-6\">\n\t\t<p><label> T-Shirt Gr\u00f6\u00dfe*<br \/>\n<span class=\"wpcf7-form-control-wrap\" data-name=\"tshirt\"><input size=\"40\" class=\"wpcf7-form-control wpcf7-text wpcf7-validates-as-required\" aria-required=\"true\" aria-invalid=\"false\" value=\"\" type=\"text\" name=\"tshirt\" \/><\/span> <\/label>\n\t\t<\/p>\n\t<\/div>\n\t<div class=\"col-md-12\">\n\t\t<p><span class=\"wpcf7-form-control-wrap\" data-name=\"genehmigung\"><span class=\"wpcf7-form-control wpcf7-checkbox\"><span class=\"wpcf7-list-item first last\"><label><input type=\"checkbox\" name=\"genehmigung[]\" value=\"Ich gestatte hiermit, dass Fotos aus den Veranstaltungen im Programm und auf der Internetseite verwendet werden d\u00fcrfen.\" \/><span class=\"wpcf7-list-item-label\">Ich gestatte hiermit, dass Fotos aus den Veranstaltungen im Programm und auf der Internetseite verwendet werden d\u00fcrfen.<\/span><\/label><\/span><\/span><\/span><br \/>\n<span class=\"wpcf7-form-control-wrap\" data-name=\"bezahlt\"><span class=\"wpcf7-form-control wpcf7-checkbox wpcf7-validates-as-required\"><span class=\"wpcf7-list-item first last\"><label><input type=\"checkbox\" name=\"bezahlt[]\" value=\"Die Kursgeb\u00fchr wurde auf DE 53 5945 0010 1030 1236 55 \u00fcberwiesen (ACHTUNG: Nicht auf das Schulkonto!!!). Bitte den Namen des Teilnehmers, Art des Kurses und Datum des Wunschtermins auf der \u00dcberweisung angeben.\" \/><span class=\"wpcf7-list-item-label\">Die Kursgeb\u00fchr wurde auf DE 53 5945 0010 1030 1236 55 \u00fcberwiesen (ACHTUNG: Nicht auf das Schulkonto!!!). Bitte den Namen des Teilnehmers, Art des Kurses und Datum des Wunschtermins auf der \u00dcberweisung angeben.<\/span><\/label><\/span><\/span><\/span><br \/>\n<label> Datum der \u00dcberweisung*<br \/>\n<span class=\"wpcf7-form-control-wrap\" data-name=\"datum-bezahlt\"><input size=\"40\" class=\"wpcf7-form-control wpcf7-text wpcf7-validates-as-required\" aria-required=\"true\" aria-invalid=\"false\" value=\"\" type=\"text\" name=\"datum-bezahlt\" \/><\/span> <\/label><br \/>\n<span class=\"wpcf7-form-control-wrap\" data-name=\"bedingungen\"><span class=\"wpcf7-form-control wpcf7-acceptance\"><span class=\"wpcf7-list-item\"><label><input type=\"checkbox\" name=\"bedingungen\" value=\"1\" aria-invalid=\"false\" \/><span class=\"wpcf7-list-item-label\">Ich habe die <a href=\"https:\/\/sport-total.com\/schwimmen\/anmeldeformular\/\" title=\"Gesch\u00e4ftsbedingungen anzeigen\" target=\"_blank\">Gesch\u00e4ftsbedingungen<\/a> gelesen und bin damit einverstanden.<\/span><\/label><\/span><\/span><\/span><br \/>\n* Pflichtfeld<br \/>\n<input class=\"wpcf7-form-control wpcf7-submit has-spinner\" type=\"submit\" value=\"Senden\" \/>\n\t\t<\/p>\n\t<\/div>\n<\/div><div class=\"wpcf7-response-output\" aria-hidden=\"true\"><\/div>\n<\/form>\n<\/div>\n<\/div>\n","protected":false},"excerpt":{"rendered":"<p>Wir zelten auf dem wundersch\u00f6nen  Campingplatz in Kirkel. Burgfr\u00e4ulein und Ritter k\u00f6nnen sich t\u00e4glich im  Naturfreibad tummeln, wir gehen zu den Kirkeler Kletterfelsen und zur Burg, erkunden den Wald, bauen vielleicht eine Waldh\u00fctte. Stockbrot, Hexenfeuer, Kerzenschein und Sternez\u00e4hlen, Schminken, Kicken, Radtour, Schnitzeljagd, Basteln\u2026..unser Ideenfundus ist unendlich!<\/p>\n","protected":false},"author":1,"featured_media":1056,"comment_status":"closed","ping_status":"closed","sticky":false,"template":"","format":"standard","meta":[],"categories":[6],"tags":[],"yoast_head":"<!-- This site is optimized with the Yoast SEO plugin v21.7 - https:\/\/yoast.com\/wordpress\/plugins\/seo\/ -->\n<title>SOMMERCAMP 11.-14.08.2025 - Sport Total Schwimmschule<\/title>\n<meta name=\"robots\" content=\"index, follow, max-snippet:-1, max-image-preview:large, max-video-preview:-1\" \/>\n<link rel=\"canonical\" href=\"https:\/\/sport-total.com\/schwimmen\/sommercamp-11-14-08-2025\/\" \/>\n<meta property=\"og:locale\" content=\"de_DE\" \/>\n<meta property=\"og:type\" content=\"article\" \/>\n<meta property=\"og:title\" content=\"SOMMERCAMP 11.-14.08.2025 - Sport Total Schwimmschule\" \/>\n<meta property=\"og:description\" content=\"Wir zelten auf dem wundersch\u00f6nen Campingplatz in Kirkel. Burgfr\u00e4ulein und Ritter k\u00f6nnen sich t\u00e4glich im Naturfreibad tummeln, wir gehen zu den Kirkeler Kletterfelsen und zur Burg, erkunden den Wald, bauen vielleicht eine Waldh\u00fctte. Stockbrot, Hexenfeuer, Kerzenschein und Sternez\u00e4hlen, Schminken, Kicken, Radtour, Schnitzeljagd, Basteln\u2026..unser Ideenfundus ist unendlich!\" \/>\n<meta property=\"og:url\" content=\"https:\/\/sport-total.com\/schwimmen\/sommercamp-11-14-08-2025\/\" \/>\n<meta property=\"og:site_name\" content=\"Sport Total Schwimmschule\" \/>\n<meta property=\"article:published_time\" content=\"2025-06-09T21:01:06+00:00\" \/>\n<meta property=\"article:modified_time\" content=\"2025-06-10T08:50:54+00:00\" \/>\n<meta property=\"og:image\" content=\"https:\/\/sport-total.com\/schwimmen\/wp-content\/uploads\/sites\/2\/2019\/09\/sommercamp2019-4.jpg\" \/>\n\t<meta property=\"og:image:width\" content=\"2000\" \/>\n\t<meta property=\"og:image:height\" content=\"1333\" \/>\n\t<meta property=\"og:image:type\" content=\"image\/jpeg\" \/>\n<meta name=\"author\" content=\"Marco\" \/>\n<meta name=\"twitter:card\" content=\"summary_large_image\" \/>\n<meta name=\"twitter:label1\" content=\"Verfasst von\" \/>\n\t<meta name=\"twitter:data1\" content=\"Marco\" \/>\n\t<meta name=\"twitter:label2\" content=\"Gesch\u00e4tzte Lesezeit\" \/>\n\t<meta name=\"twitter:data2\" content=\"1 Minute\" \/>\n<script type=\"application\/ld+json\" class=\"yoast-schema-graph\">{\"@context\":\"https:\/\/schema.org\",\"@graph\":[{\"@type\":\"Article\",\"@id\":\"https:\/\/sport-total.com\/schwimmen\/sommercamp-11-14-08-2025\/#article\",\"isPartOf\":{\"@id\":\"https:\/\/sport-total.com\/schwimmen\/sommercamp-11-14-08-2025\/\"},\"author\":{\"name\":\"Marco\",\"@id\":\"https:\/\/sport-total.com\/schwimmen\/#\/schema\/person\/1ac5b616100704dd9a4142a96c04d2f6\"},\"headline\":\"SOMMERCAMP 11.-14.08.2025\",\"datePublished\":\"2025-06-09T21:01:06+00:00\",\"dateModified\":\"2025-06-10T08:50:54+00:00\",\"mainEntityOfPage\":{\"@id\":\"https:\/\/sport-total.com\/schwimmen\/sommercamp-11-14-08-2025\/\"},\"wordCount\":133,\"publisher\":{\"@id\":\"https:\/\/sport-total.com\/schwimmen\/#organization\"},\"articleSection\":[\"Blog\"],\"inLanguage\":\"de-DE\"},{\"@type\":\"WebPage\",\"@id\":\"https:\/\/sport-total.com\/schwimmen\/sommercamp-11-14-08-2025\/\",\"url\":\"https:\/\/sport-total.com\/schwimmen\/sommercamp-11-14-08-2025\/\",\"name\":\"SOMMERCAMP 11.-14.08.2025 - Sport Total Schwimmschule\",\"isPartOf\":{\"@id\":\"https:\/\/sport-total.com\/schwimmen\/#website\"},\"datePublished\":\"2025-06-09T21:01:06+00:00\",\"dateModified\":\"2025-06-10T08:50:54+00:00\",\"breadcrumb\":{\"@id\":\"https:\/\/sport-total.com\/schwimmen\/sommercamp-11-14-08-2025\/#breadcrumb\"},\"inLanguage\":\"de-DE\",\"potentialAction\":[{\"@type\":\"ReadAction\",\"target\":[\"https:\/\/sport-total.com\/schwimmen\/sommercamp-11-14-08-2025\/\"]}]},{\"@type\":\"BreadcrumbList\",\"@id\":\"https:\/\/sport-total.com\/schwimmen\/sommercamp-11-14-08-2025\/#breadcrumb\",\"itemListElement\":[{\"@type\":\"ListItem\",\"position\":1,\"name\":\"Startseite\",\"item\":\"https:\/\/sport-total.com\/schwimmen\/\"},{\"@type\":\"ListItem\",\"position\":2,\"name\":\"SOMMERCAMP 11.-14.08.2025\"}]},{\"@type\":\"WebSite\",\"@id\":\"https:\/\/sport-total.com\/schwimmen\/#website\",\"url\":\"https:\/\/sport-total.com\/schwimmen\/\",\"name\":\"Sport Total Schwimmschule\",\"description\":\"Alles rund ums Schwimmen!\",\"publisher\":{\"@id\":\"https:\/\/sport-total.com\/schwimmen\/#organization\"},\"potentialAction\":[{\"@type\":\"SearchAction\",\"target\":{\"@type\":\"EntryPoint\",\"urlTemplate\":\"https:\/\/sport-total.com\/schwimmen\/?s={search_term_string}\"},\"query-input\":\"required name=search_term_string\"}],\"inLanguage\":\"de-DE\"},{\"@type\":\"Organization\",\"@id\":\"https:\/\/sport-total.com\/schwimmen\/#organization\",\"name\":\"Sport Total\",\"url\":\"https:\/\/sport-total.com\/schwimmen\/\",\"logo\":{\"@type\":\"ImageObject\",\"inLanguage\":\"de-DE\",\"@id\":\"https:\/\/sport-total.com\/schwimmen\/#\/schema\/logo\/image\/\",\"url\":\"https:\/\/sport-total.com\/schwimmen\/wp-content\/uploads\/sites\/2\/2017\/06\/Logo_Sport_Total.png\",\"contentUrl\":\"https:\/\/sport-total.com\/schwimmen\/wp-content\/uploads\/sites\/2\/2017\/06\/Logo_Sport_Total.png\",\"width\":2000,\"height\":995,\"caption\":\"Sport Total\"},\"image\":{\"@id\":\"https:\/\/sport-total.com\/schwimmen\/#\/schema\/logo\/image\/\"}},{\"@type\":\"Person\",\"@id\":\"https:\/\/sport-total.com\/schwimmen\/#\/schema\/person\/1ac5b616100704dd9a4142a96c04d2f6\",\"name\":\"Marco\",\"image\":{\"@type\":\"ImageObject\",\"inLanguage\":\"de-DE\",\"@id\":\"https:\/\/sport-total.com\/schwimmen\/#\/schema\/person\/image\/\",\"url\":\"https:\/\/secure.gravatar.com\/avatar\/ab229ac9467da895ada4acaf680795f0?s=96&d=mm&r=g\",\"contentUrl\":\"https:\/\/secure.gravatar.com\/avatar\/ab229ac9467da895ada4acaf680795f0?s=96&d=mm&r=g\",\"caption\":\"Marco\"}}]}<\/script>\n<!-- \/ Yoast SEO plugin. -->","yoast_head_json":{"title":"SOMMERCAMP 11.-14.08.2025 - Sport Total Schwimmschule","robots":{"index":"index","follow":"follow","max-snippet":"max-snippet:-1","max-image-preview":"max-image-preview:large","max-video-preview":"max-video-preview:-1"},"canonical":"https:\/\/sport-total.com\/schwimmen\/sommercamp-11-14-08-2025\/","og_locale":"de_DE","og_type":"article","og_title":"SOMMERCAMP 11.-14.08.2025 - Sport Total Schwimmschule","og_description":"Wir zelten auf dem wundersch\u00f6nen Campingplatz in Kirkel. Burgfr\u00e4ulein und Ritter k\u00f6nnen sich t\u00e4glich im Naturfreibad tummeln, wir gehen zu den Kirkeler Kletterfelsen und zur Burg, erkunden den Wald, bauen vielleicht eine Waldh\u00fctte. Stockbrot, Hexenfeuer, Kerzenschein und Sternez\u00e4hlen, Schminken, Kicken, Radtour, Schnitzeljagd, Basteln\u2026..unser Ideenfundus ist unendlich!","og_url":"https:\/\/sport-total.com\/schwimmen\/sommercamp-11-14-08-2025\/","og_site_name":"Sport Total Schwimmschule","article_published_time":"2025-06-09T21:01:06+00:00","article_modified_time":"2025-06-10T08:50:54+00:00","og_image":[{"width":2000,"height":1333,"url":"https:\/\/sport-total.com\/schwimmen\/wp-content\/uploads\/sites\/2\/2019\/09\/sommercamp2019-4.jpg","type":"image\/jpeg"}],"author":"Marco","twitter_card":"summary_large_image","twitter_misc":{"Verfasst von":"Marco","Gesch\u00e4tzte Lesezeit":"1 Minute"},"schema":{"@context":"https:\/\/schema.org","@graph":[{"@type":"Article","@id":"https:\/\/sport-total.com\/schwimmen\/sommercamp-11-14-08-2025\/#article","isPartOf":{"@id":"https:\/\/sport-total.com\/schwimmen\/sommercamp-11-14-08-2025\/"},"author":{"name":"Marco","@id":"https:\/\/sport-total.com\/schwimmen\/#\/schema\/person\/1ac5b616100704dd9a4142a96c04d2f6"},"headline":"SOMMERCAMP 11.-14.08.2025","datePublished":"2025-06-09T21:01:06+00:00","dateModified":"2025-06-10T08:50:54+00:00","mainEntityOfPage":{"@id":"https:\/\/sport-total.com\/schwimmen\/sommercamp-11-14-08-2025\/"},"wordCount":133,"publisher":{"@id":"https:\/\/sport-total.com\/schwimmen\/#organization"},"articleSection":["Blog"],"inLanguage":"de-DE"},{"@type":"WebPage","@id":"https:\/\/sport-total.com\/schwimmen\/sommercamp-11-14-08-2025\/","url":"https:\/\/sport-total.com\/schwimmen\/sommercamp-11-14-08-2025\/","name":"SOMMERCAMP 11.-14.08.2025 - Sport Total Schwimmschule","isPartOf":{"@id":"https:\/\/sport-total.com\/schwimmen\/#website"},"datePublished":"2025-06-09T21:01:06+00:00","dateModified":"2025-06-10T08:50:54+00:00","breadcrumb":{"@id":"https:\/\/sport-total.com\/schwimmen\/sommercamp-11-14-08-2025\/#breadcrumb"},"inLanguage":"de-DE","potentialAction":[{"@type":"ReadAction","target":["https:\/\/sport-total.com\/schwimmen\/sommercamp-11-14-08-2025\/"]}]},{"@type":"BreadcrumbList","@id":"https:\/\/sport-total.com\/schwimmen\/sommercamp-11-14-08-2025\/#breadcrumb","itemListElement":[{"@type":"ListItem","position":1,"name":"Startseite","item":"https:\/\/sport-total.com\/schwimmen\/"},{"@type":"ListItem","position":2,"name":"SOMMERCAMP 11.-14.08.2025"}]},{"@type":"WebSite","@id":"https:\/\/sport-total.com\/schwimmen\/#website","url":"https:\/\/sport-total.com\/schwimmen\/","name":"Sport Total Schwimmschule","description":"Alles rund ums Schwimmen!","publisher":{"@id":"https:\/\/sport-total.com\/schwimmen\/#organization"},"potentialAction":[{"@type":"SearchAction","target":{"@type":"EntryPoint","urlTemplate":"https:\/\/sport-total.com\/schwimmen\/?s={search_term_string}"},"query-input":"required name=search_term_string"}],"inLanguage":"de-DE"},{"@type":"Organization","@id":"https:\/\/sport-total.com\/schwimmen\/#organization","name":"Sport Total","url":"https:\/\/sport-total.com\/schwimmen\/","logo":{"@type":"ImageObject","inLanguage":"de-DE","@id":"https:\/\/sport-total.com\/schwimmen\/#\/schema\/logo\/image\/","url":"https:\/\/sport-total.com\/schwimmen\/wp-content\/uploads\/sites\/2\/2017\/06\/Logo_Sport_Total.png","contentUrl":"https:\/\/sport-total.com\/schwimmen\/wp-content\/uploads\/sites\/2\/2017\/06\/Logo_Sport_Total.png","width":2000,"height":995,"caption":"Sport Total"},"image":{"@id":"https:\/\/sport-total.com\/schwimmen\/#\/schema\/logo\/image\/"}},{"@type":"Person","@id":"https:\/\/sport-total.com\/schwimmen\/#\/schema\/person\/1ac5b616100704dd9a4142a96c04d2f6","name":"Marco","image":{"@type":"ImageObject","inLanguage":"de-DE","@id":"https:\/\/sport-total.com\/schwimmen\/#\/schema\/person\/image\/","url":"https:\/\/secure.gravatar.com\/avatar\/ab229ac9467da895ada4acaf680795f0?s=96&d=mm&r=g","contentUrl":"https:\/\/secure.gravatar.com\/avatar\/ab229ac9467da895ada4acaf680795f0?s=96&d=mm&r=g","caption":"Marco"}}]}},"_links":{"self":[{"href":"https:\/\/sport-total.com\/schwimmen\/wp-json\/wp\/v2\/posts\/11665"}],"collection":[{"href":"https:\/\/sport-total.com\/schwimmen\/wp-json\/wp\/v2\/posts"}],"about":[{"href":"https:\/\/sport-total.com\/schwimmen\/wp-json\/wp\/v2\/types\/post"}],"author":[{"embeddable":true,"href":"https:\/\/sport-total.com\/schwimmen\/wp-json\/wp\/v2\/users\/1"}],"replies":[{"embeddable":true,"href":"https:\/\/sport-total.com\/schwimmen\/wp-json\/wp\/v2\/comments?post=11665"}],"version-history":[{"count":7,"href":"https:\/\/sport-total.com\/schwimmen\/wp-json\/wp\/v2\/posts\/11665\/revisions"}],"predecessor-version":[{"id":11675,"href":"https:\/\/sport-total.com\/schwimmen\/wp-json\/wp\/v2\/posts\/11665\/revisions\/11675"}],"wp:featuredmedia":[{"embeddable":true,"href":"https:\/\/sport-total.com\/schwimmen\/wp-json\/wp\/v2\/media\/1056"}],"wp:attachment":[{"href":"https:\/\/sport-total.com\/schwimmen\/wp-json\/wp\/v2\/media?parent=11665"}],"wp:term":[{"taxonomy":"category","embeddable":true,"href":"https:\/\/sport-total.com\/schwimmen\/wp-json\/wp\/v2\/categories?post=11665"},{"taxonomy":"post_tag","embeddable":true,"href":"https:\/\/sport-total.com\/schwimmen\/wp-json\/wp\/v2\/tags?post=11665"}],"curies":[{"name":"wp","href":"https:\/\/api.w.org\/{rel}","templated":true}]}}